{"id":385,"date":"2025-02-07T16:12:51","date_gmt":"2025-02-07T15:12:51","guid":{"rendered":"http:\/\/ginola.girodmedical-test.com\/blog\/?p=385"},"modified":"2025-03-18T16:11:35","modified_gmt":"2025-03-18T15:11:35","slug":"comment-faire-face-aux-handicaps","status":"publish","type":"post","link":"https:\/\/www.girodmedical.com\/blog\/comment-faire-face-aux-handicaps\/","title":{"rendered":"Comment faire face aux handicaps ?"},"content":{"rendered":"\t\t<div data-elementor-type=\"wp-post\" data-elementor-id=\"385\" class=\"elementor elementor-385\">\n\t\t\t\t<div class=\"elementor-element elementor-element-54446673 e-con-full e-flex e-con e-parent\" data-id=\"54446673\" data-element_type=\"container\">\n\t\t\t\t<div class=\"elementor-element elementor-element-561b15af elementor-widget__width-initial elementor-widget-mobile__width-initial elementor-widget elementor-widget-text-editor\" data-id=\"561b15af\" data-element_type=\"widget\" data-widget_type=\"text-editor.default\">\n\t\t\t\t<div class=\"elementor-widget-container\">\n\t\t\t<style>\/*! elementor - v3.23.0 - 05-08-2024 *\/\n.elementor-widget-text-editor.elementor-drop-cap-view-stacked .elementor-drop-cap{background-color:#69727d;color:#fff}.elementor-widget-text-editor.elementor-drop-cap-view-framed .elementor-drop-cap{color:#69727d;border:3px solid;background-color:transparent}.elementor-widget-text-editor:not(.elementor-drop-cap-view-default) .elementor-drop-cap{margin-top:8px}.elementor-widget-text-editor:not(.elementor-drop-cap-view-default) .elementor-drop-cap-letter{width:1em;height:1em}.elementor-widget-text-editor .elementor-drop-cap{float:left;text-align:center;line-height:1;font-size:50px}.elementor-widget-text-editor .elementor-drop-cap-letter{display:inline-block}<\/style>\t\t\t\t<p>Les Jeux Olympiques sont l\u2019occasion\u00a0pour les sportifs du monde entier de repr\u00e9senter leurs couleurs et leur pays en plus d\u2019esp\u00e9rer ramener chez soi une m\u00e9daille, symbole d\u2019un accomplissement personnel et vecteur de fiert\u00e9 et de gloire. A la suite des jeux olympiques d\u2019\u00e9t\u00e9\u00a0d\u00e9butent les jeux paralympiques. Cet \u00e9v\u00e9nement d\u2019une ampleur internationale met en lumi\u00e8re les sportifs handicap\u00e9s, qui peuvent d\u00e9montrer au monde entier leurs prouesses physique et cela malgr\u00e9 leurs relatives d\u00e9ficiences.<\/p>\t\t\t\t\t\t<\/div>\n\t\t\t\t<\/div>\n\t\t\t\t<\/div>\n\t\t<div class=\"elementor-element elementor-element-658a7988 e-con-full e-flex e-con e-parent\" data-id=\"658a7988\" data-element_type=\"container\">\n\t\t\t\t<div class=\"elementor-element elementor-element-31f94cc elementor-widget__width-initial elementor-widget-tablet__width-initial elementor-widget-mobile__width-initial elementor-widget elementor-widget-heading\" data-id=\"31f94cc\" data-element_type=\"widget\" data-widget_type=\"heading.default\">\n\t\t\t\t<div class=\"elementor-widget-container\">\n\t\t\t<style>\/*! elementor - v3.23.0 - 05-08-2024 *\/\n.elementor-heading-title{padding:0;margin:0;line-height:1}.elementor-widget-heading .elementor-heading-title[class*=elementor-size-]>a{color:inherit;font-size:inherit;line-height:inherit}.elementor-widget-heading .elementor-heading-title.elementor-size-small{font-size:15px}.elementor-widget-heading .elementor-heading-title.elementor-size-medium{font-size:19px}.elementor-widget-heading .elementor-heading-title.elementor-size-large{font-size:29px}.elementor-widget-heading .elementor-heading-title.elementor-size-xl{font-size:39px}.elementor-widget-heading .elementor-heading-title.elementor-size-xxl{font-size:59px}<\/style><h2 class=\"elementor-heading-title elementor-size-default\">Qu\u2019est ce qu\u2019un handicap ?<\/h2>\t\t<\/div>\n\t\t\t\t<\/div>\n\t\t\t\t<\/div>\n\t\t<div class=\"elementor-element elementor-element-626896be e-con-full e-flex e-con e-parent\" data-id=\"626896be\" data-element_type=\"container\">\n\t\t\t\t<div class=\"elementor-element elementor-element-694a880a elementor-widget__width-initial elementor-widget elementor-widget-text-editor\" data-id=\"694a880a\" data-element_type=\"widget\" data-widget_type=\"text-editor.default\">\n\t\t\t\t<div class=\"elementor-widget-container\">\n\t\t\t\t\t\t\t<p>Selon, l\u2019Organisation Mondiale de la Sant\u00e9 (OMS), \u00eatre une personne en situation de handicap concerne \u00a0\u00bb toute personne dont l\u2019int\u00e9grit\u00e9 physique ou mentale est passag\u00e8rement ou d\u00e9finitivement diminu\u00e9e, soit cong\u00e9nitalement, soit sous l\u2019effet de l\u2019\u00e2ge ou d\u2019un accident, en sorte que son autonomie, son aptitude \u00e0 fr\u00e9quenter l\u2019\u00e9cole ou \u00e0 occuper un emploi s\u2019en trouvent compromises \u00bb.<\/p><p>A travers cette d\u00e9finition, sont donc r\u00e9unis, les handicaps physiques, c\u2019est \u00e0 dire \u00ab\u00a0moteur\u00a0\u00bb(qui regroupent les troubles de la motricit\u00e9), les handicaps auditifs et visuels et les handicaps mentaux (qui regroupent touts les handicaps avec une d\u00e9ficience intellectuelle). Une personne peut combiner ces diff\u00e9rents types handicaps, elle est donc consid\u00e9r\u00e9e comme polyhandicap\u00e9e.<\/p><p>12 millions de fran\u00e7ais souffrent d\u2019un handicap plus ou moins avanc\u00e9 et visible. \u00a0Prendre en consid\u00e9ration ces personnes et les accompagner est une\u00a0priorit\u00e9 absolue, afin de les int\u00e9grer au mieux \u00e0 la soci\u00e9t\u00e9 actuelle.<\/p>\t\t\t\t\t\t<\/div>\n\t\t\t\t<\/div>\n\t\t\t\t<div class=\"elementor-element elementor-element-db9528e elementor-widget elementor-widget-image\" data-id=\"db9528e\" data-element_type=\"widget\" data-widget_type=\"image.default\">\n\t\t\t\t<div class=\"elementor-widget-container\">\n\t\t\t<style>\/*! elementor - v3.23.0 - 05-08-2024 *\/\n.elementor-widget-image{text-align:center}.elementor-widget-image a{display:inline-block}.elementor-widget-image a img[src$=\".svg\"]{width:48px}.elementor-widget-image img{vertical-align:middle;display:inline-block}<\/style>\t\t\t\t\t\t\t\t\t\t<img decoding=\"async\" src=\"https:\/\/www.girodmedical.com\/blog\/wp-content\/uploads\/2016\/07\/handicap-1173331_960_720.jpg\" title=\"\" alt=\"\" loading=\"lazy\" \/>\t\t\t\t\t\t\t\t\t\t\t\t\t<\/div>\n\t\t\t\t<\/div>\n\t\t\t\t<\/div>\n\t\t<div class=\"elementor-element elementor-element-1f597d7b e-con-full e-flex e-con e-parent\" data-id=\"1f597d7b\" data-element_type=\"container\">\n\t\t\t\t<div class=\"elementor-element elementor-element-cb136a8 elementor-widget elementor-widget-text-editor\" data-id=\"cb136a8\" data-element_type=\"widget\" data-widget_type=\"text-editor.default\">\n\t\t\t\t<div class=\"elementor-widget-container\">\n\t\t\t\t\t\t\t<p>Il existe de nombreuses maladies et pathologies qui handicapent les malades dans leur vie quotidienne que cela soit sur la plan psychologique ou physique. De nombreuses personnes souffrent de paralysies partielles et de troubles mentaux comme les personnes souffrant de la maladie de Charcot, aussi appel\u00e9e la scl\u00e9rose lat\u00e9rale amyotrophique (SLA), m\u00e9diatis\u00e9e par le c\u00e9l\u00e8bre physicien Stephen Hawking. Des accidents ou \u00e9v\u00e9nements traumatisants peuvent \u00e9galement priver les victimes de certaines fonctions neuronales \u00a0ou d\u2019un membre du corps essentiel comme les bras ou les jambes suite \u00e0\u00a0une amputation.<\/p><p>Les conditions de vie des\u00a0handicap\u00e9s ont \u00a0\u00e9volu\u00e9es positivement au cours de ces derni\u00e8res ann\u00e9es gr\u00e2ce aux diff\u00e9rentes \u00ab\u00a0normes handicap\u00e9es\u00a0\u00bb impos\u00e9es par la loi; l\u2019acc\u00e8s aux personnes en fauteuil roulant doit \u00eatre facilit\u00e9 dans les commerces, restaurants et lieux publics.\u00a0Dans le m\u00eame sens, l\u2019acc\u00e8s aux programmes t\u00e9l\u00e9visuels est de plus en plus d\u00e9mocratis\u00e9 pour les personnes atteintes de surdit\u00e9. La situation \u00e9volue, cependant de nombreux progr\u00e8s restent encore \u00e0 faire dans ce sens pour am\u00e9liorer la vie quotidienne des personnes handicap\u00e9s, et cela passe premi\u00e8rement par une prise de conscience de leur condition par la soci\u00e9t\u00e9 .<\/p>\t\t\t\t\t\t<\/div>\n\t\t\t\t<\/div>\n\t\t\t\t<\/div>\n\t\t<div class=\"elementor-element elementor-element-5795d2c1 e-con-full e-flex e-con e-parent\" data-id=\"5795d2c1\" data-element_type=\"container\">\n\t\t\t\t<div class=\"elementor-element elementor-element-4e4b2f84 elementor-widget__width-initial elementor-widget elementor-widget-heading\" data-id=\"4e4b2f84\" data-element_type=\"widget\" data-widget_type=\"heading.default\">\n\t\t\t\t<div class=\"elementor-widget-container\">\n\t\t\t<h2 class=\"elementor-heading-title elementor-size-default\">Des \u00e9quipements am\u00e9lior\u00e9s<\/h2>\t\t<\/div>\n\t\t\t\t<\/div>\n\t\t\t\t<div class=\"elementor-element elementor-element-253f30d7 elementor-widget__width-initial elementor-widget elementor-widget-text-editor\" data-id=\"253f30d7\" data-element_type=\"widget\" data-widget_type=\"text-editor.default\">\n\t\t\t\t<div class=\"elementor-widget-container\">\n\t\t\t\t\t\t\t<p data-pm-slice=\"1 1 []\">L\u2019\u00e9quipement des personnes \u00e0 mobilit\u00e9 r\u00e9duite s\u2019est consid\u00e9rablement am\u00e9lior\u00e9 afin de r\u00e9pondre aux besoins des utilisateurs en fauteuil roulant. Le mat\u00e9riel est toujours plus confortable, l\u00e9ger, maniable, et convient parfaitement pour les petits ou grands d\u00e9placements. La marque Gima propose par exemple le <a href=\"https:\/\/www.girodmedical.com\/fauteuil-roulant-standard-assise-50-cm-gima.html\" target=\"_blank\" rel=\"noopener\">fauteuil roulant Standard &#8211; assise 50 cm Gima<\/a> permettant aux personnes \u00e0 mobilit\u00e9 r\u00e9duite d\u2019\u00eatre autonomes dans leurs activit\u00e9s quotidiennes. Des \u00e9quipements adapt\u00e9s \u00e0 la salle de bain comme des si\u00e8ges ou tabourets de douche, ainsi que des rampes d\u2019acc\u00e8s facilitent la toilette des personnes handicap\u00e9s, tout comme les dispositifs utilis\u00e9s pour monter les escaliers sans efforts physiques.<\/p>\t\t\t\t\t\t<\/div>\n\t\t\t\t<\/div>\n\t\t\t\t<div class=\"elementor-element elementor-element-ee9e4a0 elementor-widget elementor-widget-image\" data-id=\"ee9e4a0\" data-element_type=\"widget\" data-widget_type=\"image.default\">\n\t\t\t\t<div class=\"elementor-widget-container\">\n\t\t\t\t\t\t\t\t\t\t\t\t\t<img decoding=\"async\" src=\"https:\/\/www.girodmedical.com\/media\/catalog\/product\/cache\/69e0d5186e0fc3e300c4edb565827ed4\/f\/a\/fauteuil_roulant_standard_-_assise_50_cm-1.webp\" title=\"\" alt=\"\" loading=\"lazy\" \/>\t\t\t\t\t\t\t\t\t\t\t\t\t<\/div>\n\t\t\t\t<\/div>\n\t\t\t\t<\/div>\n\t\t<div class=\"elementor-element elementor-element-79cd32b0 e-con-full e-flex e-con e-parent\" data-id=\"79cd32b0\" data-element_type=\"container\">\n\t\t\t\t<div class=\"elementor-element elementor-element-6802e0d8 elementor-widget__width-initial elementor-widget-tablet__width-initial elementor-widget elementor-widget-text-editor\" data-id=\"6802e0d8\" data-element_type=\"widget\" data-widget_type=\"text-editor.default\">\n\t\t\t\t<div class=\"elementor-widget-container\">\n\t\t\t\t\t\t\t<p>L\u2019explosion des objets connect\u00e9s et de la domotique (maison intelligente) profitent aux personnes en situation de handicap, puisque ces solutions innovantes permettent un gain d\u2019autonomie important, en automatisant l\u2019\u00e9clairage, l\u2019ouverture et la fermeture des portes, en contr\u00f4lant les lits automatis\u00e9s\u00a0etc. De nombreuses t\u00e2ches difficilement r\u00e9alisables auparavant sont maintenant accessibles \u00e0 partir d\u2019une seule et m\u00eame t\u00e9l\u00e9commande. Cela demande moins d\u2019efforts et de d\u00e9placements inutiles.<\/p>\t\t\t\t\t\t<\/div>\n\t\t\t\t<\/div>\n\t\t\t\t<div class=\"elementor-element elementor-element-fc684e2 elementor-widget__width-initial elementor-widget-tablet__width-initial elementor-widget elementor-widget-text-editor\" data-id=\"fc684e2\" data-element_type=\"widget\" data-widget_type=\"text-editor.default\">\n\t\t\t\t<div class=\"elementor-widget-container\">\n\t\t\t\t\t\t\t<p>De nombreux dispositifs comme les<a href=\"https:\/\/www.girodmedical.com\/autonomie\/telephone-grosses-touches-1\/telephone-fixe-grosses-touches.html\" target=\"_blank\" rel=\"noopener\">\u00a0t\u00e9l\u00e9phones amplifi\u00e9s<\/a>\u00a0ou les proth\u00e8ses auditives permettent aux personnes sourdes et malentendantes de mieux entendre et comprendre les conversations. Ces appareils permettent ind\u00e9niablement d\u2019emp\u00eacher l\u2019exclusion sociale des personnes d\u00e9ficientes.<\/p><p>Des efforts restent\u00a0encore \u00e0 faire en terme social et \u00e9conomique, notamment dans le cadre de l\u2019insertion professionnelle et de l\u2019am\u00e9nagement de poste, ainsi que l\u2019acc\u00e8s financier aux meilleurs \u00e9quipements et assistances m\u00e9dicales possibles. De nouvelles mesures permettraient d\u2019am\u00e9liorer au mieux les conditions de vie des personnes handicap\u00e9s.<\/p><p>Il est \u00e9galement important de continuer \u00e0 financer les recherches m\u00e9dicales et d\u2019\u00e9quipements comme les proth\u00e8ses nouvelle g\u00e9n\u00e9ration, qui permettent \u00e0 leurs utilisateurs\u00a0de se mouvoir\u00a0ou de saisir un objet de fa\u00e7on autonome. C\u2019est gr\u00e2ce \u00e0 ce type d\u2019avanc\u00e9e et de proth\u00e8ses que les sportifs paralympiques peuvent continuer \u00e0 esp\u00e9rer ramener chez eux la m\u00e9daille d\u2019or.<\/p>\t\t\t\t\t\t<\/div>\n\t\t\t\t<\/div>\n\t\t\t\t<\/div>\n\t\t\t\t<\/div>\n\t\t","protected":false},"excerpt":{"rendered":"<p>Les Jeux Olympiques sont l\u2019occasion\u00a0pour les sportifs du monde entier de repr\u00e9senter leurs couleurs et leur pays en plus d\u2019esp\u00e9rer ramener chez soi une m\u00e9daille, symbole d\u2019un accomplissement personnel et vecteur de fiert\u00e9 et de gloire. A la suite des jeux olympiques d\u2019\u00e9t\u00e9\u00a0d\u00e9butent les jeux paralympiques. Cet \u00e9v\u00e9nement d\u2019une ampleur internationale met en lumi\u00e8re les &hellip; <a href=\"https:\/\/www.girodmedical.com\/blog\/comment-faire-face-aux-handicaps\/\" class=\"more-link\">Lire l&rsquo;article <span class=\"screen-reader-text\">Comment faire face aux handicaps ?<\/span> <span class=\"meta-nav\">&rarr;<\/span><\/a><\/p>\n","protected":false},"author":1,"featured_media":389,"comment_status":"open","ping_status":"open","sticky":false,"template":"","format":"standard","meta":{"footnotes":""},"categories":[2],"tags":[],"yoast_head":"<!-- This site is optimized with the Yoast SEO plugin v20.13 - https:\/\/yoast.com\/wordpress\/plugins\/seo\/ -->\n<title>Comment faire face aux handicaps ? - Girodmedical Blog : Le blog du mat\u00e9riel m\u00e9dical<\/title>\n<meta name=\"robots\" content=\"index, follow, max-snippet:-1, max-image-preview:large, max-video-preview:-1\" \/>\n<link rel=\"canonical\" href=\"https:\/\/www.girodmedical.com\/blog\/comment-faire-face-aux-handicaps\/\" \/>\n<meta property=\"og:locale\" content=\"fr_FR\" \/>\n<meta property=\"og:type\" content=\"article\" \/>\n<meta property=\"og:title\" content=\"Comment faire face aux handicaps ? - Girodmedical Blog : Le blog du mat\u00e9riel m\u00e9dical\" \/>\n<meta property=\"og:description\" content=\"Les Jeux Olympiques sont l\u2019occasion\u00a0pour les sportifs du monde entier de repr\u00e9senter leurs couleurs et leur pays en plus d\u2019esp\u00e9rer ramener chez soi une m\u00e9daille, symbole d\u2019un accomplissement personnel et vecteur de fiert\u00e9 et de gloire. A la suite des jeux olympiques d\u2019\u00e9t\u00e9\u00a0d\u00e9butent les jeux paralympiques. Cet \u00e9v\u00e9nement d\u2019une ampleur internationale met en lumi\u00e8re les &hellip; Lire l&#039;article Comment faire face aux handicaps ? &rarr;\" \/>\n<meta property=\"og:url\" content=\"https:\/\/www.girodmedical.com\/blog\/comment-faire-face-aux-handicaps\/\" \/>\n<meta property=\"og:site_name\" content=\"Girodmedical Blog : Le blog du mat\u00e9riel m\u00e9dical\" \/>\n<meta property=\"article:author\" content=\"https:\/\/www.facebook.com\/admielab\" \/>\n<meta property=\"article:published_time\" content=\"2025-02-07T15:12:51+00:00\" \/>\n<meta property=\"article:modified_time\" content=\"2025-03-18T15:11:35+00:00\" \/>\n<meta property=\"og:image\" content=\"https:\/\/www.girodmedical.com\/blog\/.\/wp-content\/uploads\/2016\/07\/wheelchair-1501993_960_720.jpg\" \/>\n\t<meta property=\"og:image:width\" content=\"960\" \/>\n\t<meta property=\"og:image:height\" content=\"579\" \/>\n\t<meta property=\"og:image:type\" content=\"image\/jpeg\" \/>\n<meta name=\"author\" content=\"Audrey de Girodmedical\" \/>\n<meta name=\"twitter:label1\" content=\"\u00c9crit par\" \/>\n\t<meta name=\"twitter:data1\" content=\"Audrey de Girodmedical\" \/>\n\t<meta name=\"twitter:label2\" content=\"Dur\u00e9e de lecture estim\u00e9e\" \/>\n\t<meta name=\"twitter:data2\" content=\"5 minutes\" \/>\n<script type=\"application\/ld+json\" class=\"yoast-schema-graph\">{\"@context\":\"https:\/\/schema.org\",\"@graph\":[{\"@type\":\"WebPage\",\"@id\":\"https:\/\/www.girodmedical.com\/blog\/comment-faire-face-aux-handicaps\/\",\"url\":\"https:\/\/www.girodmedical.com\/blog\/comment-faire-face-aux-handicaps\/\",\"name\":\"Comment faire face aux handicaps ? - Girodmedical Blog : Le blog du mat\u00e9riel m\u00e9dical\",\"isPartOf\":{\"@id\":\"https:\/\/www.girodmedical.com\/blog\/#website\"},\"datePublished\":\"2025-02-07T15:12:51+00:00\",\"dateModified\":\"2025-03-18T15:11:35+00:00\",\"author\":{\"@id\":\"https:\/\/www.girodmedical.com\/blog\/#\/schema\/person\/45d388c2ba0e4feaabd1446960ef30d0\"},\"breadcrumb\":{\"@id\":\"https:\/\/www.girodmedical.com\/blog\/comment-faire-face-aux-handicaps\/#breadcrumb\"},\"inLanguage\":\"fr-FR\",\"potentialAction\":[{\"@type\":\"ReadAction\",\"target\":[\"https:\/\/www.girodmedical.com\/blog\/comment-faire-face-aux-handicaps\/\"]}]},{\"@type\":\"BreadcrumbList\",\"@id\":\"https:\/\/www.girodmedical.com\/blog\/comment-faire-face-aux-handicaps\/#breadcrumb\",\"itemListElement\":[{\"@type\":\"ListItem\",\"position\":1,\"name\":\"Accueil\",\"item\":\"https:\/\/www.girodmedical.com\/blog\/\"},{\"@type\":\"ListItem\",\"position\":2,\"name\":\"Comment faire face aux handicaps ?\"}]},{\"@type\":\"WebSite\",\"@id\":\"https:\/\/www.girodmedical.com\/blog\/#website\",\"url\":\"https:\/\/www.girodmedical.com\/blog\/\",\"name\":\"Girodmedical Blog : Le blog du mat\u00e9riel m\u00e9dical\",\"description\":\"\",\"potentialAction\":[{\"@type\":\"SearchAction\",\"target\":{\"@type\":\"EntryPoint\",\"urlTemplate\":\"https:\/\/www.girodmedical.com\/blog\/?s={search_term_string}\"},\"query-input\":\"required name=search_term_string\"}],\"inLanguage\":\"fr-FR\"},{\"@type\":\"Person\",\"@id\":\"https:\/\/www.girodmedical.com\/blog\/#\/schema\/person\/45d388c2ba0e4feaabd1446960ef30d0\",\"name\":\"Audrey de Girodmedical\",\"image\":{\"@type\":\"ImageObject\",\"inLanguage\":\"fr-FR\",\"@id\":\"https:\/\/www.girodmedical.com\/blog\/#\/schema\/person\/image\/\",\"url\":\"https:\/\/secure.gravatar.com\/avatar\/6a25d3946b25d84cc71fcd4c333e4416?s=96&d=mm&r=g\",\"contentUrl\":\"https:\/\/secure.gravatar.com\/avatar\/6a25d3946b25d84cc71fcd4c333e4416?s=96&d=mm&r=g\",\"caption\":\"Audrey de Girodmedical\"},\"description\":\"Audrey de Girodmedical suit l\u2019actualit\u00e9 du secteur de la sant\u00e9 afin de vous fournir des informations sur les derni\u00e8res tendances et pratiques. Son r\u00f4le de conseill\u00e8re client\u00e8le lui permet de comprendre vos attentes afin de vous aider dans le choix de votre mat\u00e9riel m\u00e9dical. Retrouvez tous ses conseils \u00e0 travers les articles qu\u2019elle publie sur ce blog, r\u00e9dig\u00e9s gr\u00e2ce \u00e0 l'aide des avis et des retours d'exp\u00e9riences de nos clients professionnels de sant\u00e9.\",\"sameAs\":[\"https:\/\/www.girodmedical.com\/\",\"https:\/\/www.facebook.com\/admielab\",\"https:\/\/twitter.com\/Girodmedical\"],\"url\":\"https:\/\/www.girodmedical.com\/blog\/author\/admin\/\"}]}<\/script>\n<!-- \/ Yoast SEO plugin. -->","yoast_head_json":{"title":"Comment faire face aux handicaps ? - Girodmedical Blog : Le blog du mat\u00e9riel m\u00e9dical","robots":{"index":"index","follow":"follow","max-snippet":"max-snippet:-1","max-image-preview":"max-image-preview:large","max-video-preview":"max-video-preview:-1"},"canonical":"https:\/\/www.girodmedical.com\/blog\/comment-faire-face-aux-handicaps\/","og_locale":"fr_FR","og_type":"article","og_title":"Comment faire face aux handicaps ? - Girodmedical Blog : Le blog du mat\u00e9riel m\u00e9dical","og_description":"Les Jeux Olympiques sont l\u2019occasion\u00a0pour les sportifs du monde entier de repr\u00e9senter leurs couleurs et leur pays en plus d\u2019esp\u00e9rer ramener chez soi une m\u00e9daille, symbole d\u2019un accomplissement personnel et vecteur de fiert\u00e9 et de gloire. A la suite des jeux olympiques d\u2019\u00e9t\u00e9\u00a0d\u00e9butent les jeux paralympiques. Cet \u00e9v\u00e9nement d\u2019une ampleur internationale met en lumi\u00e8re les &hellip; Lire l'article Comment faire face aux handicaps ? &rarr;","og_url":"https:\/\/www.girodmedical.com\/blog\/comment-faire-face-aux-handicaps\/","og_site_name":"Girodmedical Blog : Le blog du mat\u00e9riel m\u00e9dical","article_author":"https:\/\/www.facebook.com\/admielab","article_published_time":"2025-02-07T15:12:51+00:00","article_modified_time":"2025-03-18T15:11:35+00:00","og_image":[{"width":960,"height":579,"url":"https:\/\/www.girodmedical.com\/blog\/.\/wp-content\/uploads\/2016\/07\/wheelchair-1501993_960_720.jpg","type":"image\/jpeg"}],"author":"Audrey de Girodmedical","twitter_misc":{"\u00c9crit par":"Audrey de Girodmedical","Dur\u00e9e de lecture estim\u00e9e":"5 minutes"},"schema":{"@context":"https:\/\/schema.org","@graph":[{"@type":"WebPage","@id":"https:\/\/www.girodmedical.com\/blog\/comment-faire-face-aux-handicaps\/","url":"https:\/\/www.girodmedical.com\/blog\/comment-faire-face-aux-handicaps\/","name":"Comment faire face aux handicaps ? - Girodmedical Blog : Le blog du mat\u00e9riel m\u00e9dical","isPartOf":{"@id":"https:\/\/www.girodmedical.com\/blog\/#website"},"datePublished":"2025-02-07T15:12:51+00:00","dateModified":"2025-03-18T15:11:35+00:00","author":{"@id":"https:\/\/www.girodmedical.com\/blog\/#\/schema\/person\/45d388c2ba0e4feaabd1446960ef30d0"},"breadcrumb":{"@id":"https:\/\/www.girodmedical.com\/blog\/comment-faire-face-aux-handicaps\/#breadcrumb"},"inLanguage":"fr-FR","potentialAction":[{"@type":"ReadAction","target":["https:\/\/www.girodmedical.com\/blog\/comment-faire-face-aux-handicaps\/"]}]},{"@type":"BreadcrumbList","@id":"https:\/\/www.girodmedical.com\/blog\/comment-faire-face-aux-handicaps\/#breadcrumb","itemListElement":[{"@type":"ListItem","position":1,"name":"Accueil","item":"https:\/\/www.girodmedical.com\/blog\/"},{"@type":"ListItem","position":2,"name":"Comment faire face aux handicaps ?"}]},{"@type":"WebSite","@id":"https:\/\/www.girodmedical.com\/blog\/#website","url":"https:\/\/www.girodmedical.com\/blog\/","name":"Girodmedical Blog : Le blog du mat\u00e9riel m\u00e9dical","description":"","potentialAction":[{"@type":"SearchAction","target":{"@type":"EntryPoint","urlTemplate":"https:\/\/www.girodmedical.com\/blog\/?s={search_term_string}"},"query-input":"required name=search_term_string"}],"inLanguage":"fr-FR"},{"@type":"Person","@id":"https:\/\/www.girodmedical.com\/blog\/#\/schema\/person\/45d388c2ba0e4feaabd1446960ef30d0","name":"Audrey de Girodmedical","image":{"@type":"ImageObject","inLanguage":"fr-FR","@id":"https:\/\/www.girodmedical.com\/blog\/#\/schema\/person\/image\/","url":"https:\/\/secure.gravatar.com\/avatar\/6a25d3946b25d84cc71fcd4c333e4416?s=96&d=mm&r=g","contentUrl":"https:\/\/secure.gravatar.com\/avatar\/6a25d3946b25d84cc71fcd4c333e4416?s=96&d=mm&r=g","caption":"Audrey de Girodmedical"},"description":"Audrey de Girodmedical suit l\u2019actualit\u00e9 du secteur de la sant\u00e9 afin de vous fournir des informations sur les derni\u00e8res tendances et pratiques. Son r\u00f4le de conseill\u00e8re client\u00e8le lui permet de comprendre vos attentes afin de vous aider dans le choix de votre mat\u00e9riel m\u00e9dical. Retrouvez tous ses conseils \u00e0 travers les articles qu\u2019elle publie sur ce blog, r\u00e9dig\u00e9s gr\u00e2ce \u00e0 l'aide des avis et des retours d'exp\u00e9riences de nos clients professionnels de sant\u00e9.","sameAs":["https:\/\/www.girodmedical.com\/","https:\/\/www.facebook.com\/admielab","https:\/\/twitter.com\/Girodmedical"],"url":"https:\/\/www.girodmedical.com\/blog\/author\/admin\/"}]}},"_links":{"self":[{"href":"https:\/\/www.girodmedical.com\/blog\/wp-json\/wp\/v2\/posts\/385"}],"collection":[{"href":"https:\/\/www.girodmedical.com\/blog\/wp-json\/wp\/v2\/posts"}],"about":[{"href":"https:\/\/www.girodmedical.com\/blog\/wp-json\/wp\/v2\/types\/post"}],"author":[{"embeddable":true,"href":"https:\/\/www.girodmedical.com\/blog\/wp-json\/wp\/v2\/users\/1"}],"replies":[{"embeddable":true,"href":"https:\/\/www.girodmedical.com\/blog\/wp-json\/wp\/v2\/comments?post=385"}],"version-history":[{"count":0,"href":"https:\/\/www.girodmedical.com\/blog\/wp-json\/wp\/v2\/posts\/385\/revisions"}],"wp:featuredmedia":[{"embeddable":true,"href":"https:\/\/www.girodmedical.com\/blog\/wp-json\/wp\/v2\/media\/389"}],"wp:attachment":[{"href":"https:\/\/www.girodmedical.com\/blog\/wp-json\/wp\/v2\/media?parent=385"}],"wp:term":[{"taxonomy":"category","embeddable":true,"href":"https:\/\/www.girodmedical.com\/blog\/wp-json\/wp\/v2\/categories?post=385"},{"taxonomy":"post_tag","embeddable":true,"href":"https:\/\/www.girodmedical.com\/blog\/wp-json\/wp\/v2\/tags?post=385"}],"curies":[{"name":"wp","href":"https:\/\/api.w.org\/{rel}","templated":true}]}}