{"id":356,"date":"2026-03-31T11:42:13","date_gmt":"2026-03-31T10:42:13","guid":{"rendered":"http:\/\/ginola.girodmedical-test.com\/blog\/?p=356"},"modified":"2026-04-02T11:09:14","modified_gmt":"2026-04-02T10:09:14","slug":"lurticaire-une-maladie-chronique-mal-soignee","status":"publish","type":"post","link":"https:\/\/www.girodmedical.com\/blog\/lurticaire-une-maladie-chronique-mal-soignee\/","title":{"rendered":"L&rsquo;urticaire, une maladie chronique mal soign\u00e9e ?"},"content":{"rendered":"<p><!-- ===== R\u00c9SUM\u00c9 HAUT DE PAGE ===== --><\/p>\n<div style=\"background: #eef6ff; padding: 24px; border-radius: 12px; margin-bottom: 24px;\">\n<h2 style=\"margin-top: 0;\">&#x1fa7a; Urticaire : les points cl\u00e9s \u00e0 retenir<\/h2>\n<ul style=\"margin-bottom: 0;\">\n<li>&#x26a0;&#xfe0f; L\u2019<strong>urticaire<\/strong> est une \u00e9ruption cutan\u00e9e avec plaques rouges, papules et d\u00e9mangeaisons, parfois associ\u00e9e \u00e0 un gonflement plus profond appel\u00e9 angi\u0153d\u00e8me.<\/li>\n<li>&#x1f4c6; On distingue l\u2019<strong>urticaire aigu\u00eb<\/strong>, de courte dur\u00e9e, et l\u2019<strong>urticaire chronique<\/strong>, lorsque les pouss\u00e9es reviennent pendant plus de 6 semaines.<\/li>\n<li>&#x1f48a; Le traitement de r\u00e9f\u00e9rence repose surtout sur les antihistaminiques H1 de seconde g\u00e9n\u00e9ration, pris quotidiennement en cas d\u2019urticaire chronique.<\/li>\n<li>&#x1f6a8; En cas de difficult\u00e9 respiratoire, de malaise ou de gonflement rapide du visage ou de la gorge, il faut appeler les urgences imm\u00e9diatement.<\/li>\n<\/ul>\n<\/div>\n<h2 style=\"text-align: justify;\">L\u2019urticaire, une maladie chronique mal soign\u00e9e ?<\/h2>\n<p style=\"text-align: justify;\"><img fetchpriority=\"high\" decoding=\"async\" class=\"size-full wp-image-4607 alignright\" src=\"https:\/\/www.girodmedical.com\/blog\/.\/wp-content\/uploads\/2016\/09\/240_F_1578409149_J3aygD9f6bvoQhrrOuyOCDIQ2L5V7cZ0.jpg\" alt=\"\" width=\"361\" height=\"240\" srcset=\"https:\/\/www.girodmedical.com\/blog\/.\/wp-content\/uploads\/2016\/09\/240_F_1578409149_J3aygD9f6bvoQhrrOuyOCDIQ2L5V7cZ0.jpg 361w, https:\/\/www.girodmedical.com\/blog\/.\/wp-content\/uploads\/2016\/09\/240_F_1578409149_J3aygD9f6bvoQhrrOuyOCDIQ2L5V7cZ0-300x199.jpg 300w\" sizes=\"(max-width: 361px) 100vw, 361px\" \/>L\u2019<strong>urticaire<\/strong> est une affection cutan\u00e9e fr\u00e9quente, mais souvent mal comprise par les patients comme par leur entourage. Lorsqu\u2019elle devient chronique, elle peut alt\u00e9rer fortement la qualit\u00e9 de vie : d\u00e9mangeaisons persistantes, plaques soudaines, gonflements du visage, g\u00eane sociale, sommeil perturb\u00e9, retentissement psychologique et impression d\u2019impr\u00e9visibilit\u00e9 permanente. Pour les <strong>professionnels de sant\u00e9<\/strong>, l\u2019enjeu est double : reconna\u00eetre correctement l\u2019urticaire, puis proposer une prise en charge claire, structur\u00e9e et rassurante.<\/p>\n<p style=\"text-align: justify;\">Sur le plan m\u00e9dical, l\u2019urticaire n\u2019est pas toujours une allergie. C\u2019est l\u2019un des points qui pr\u00eatent le plus \u00e0 confusion. Beaucoup de patients associent imm\u00e9diatement les plaques \u00e0 un aliment ou \u00e0 une r\u00e9action allergique, alors qu\u2019en r\u00e9alit\u00e9 l\u2019<strong>urticaire chronique spontan\u00e9e<\/strong> rel\u00e8ve le plus souvent d\u2019une maladie inflammatoire de la peau li\u00e9e \u00e0 l\u2019activation des mastocytes. Cette distinction est essentielle, car elle influence directement le diagnostic, les examens utiles et le traitement.<\/p>\n<h2 style=\"text-align: justify;\">D\u00e9finition<\/h2>\n<p style=\"text-align: justify;\">L&rsquo;urticaire est une \u00e9ruption cutan\u00e9e de plus ou moins forte intensit\u00e9. Les sympt\u00f4mes se traduisent par l&rsquo;apparition de papules (plaques rouges \u00e0 reliefs) et de d\u00e9mangeaisons. Le malade peut avoir l&rsquo;impression de s&rsquo;\u00eatre fait piquer par des moustiques ou par des orties.<\/p>\n<p style=\"text-align: justify;\">Les l\u00e9sions d\u2019<strong>urticaire<\/strong> ont une caract\u00e9ristique importante : elles sont souvent mobiles et fugaces. Une plaque peut appara\u00eetre rapidement, dispara\u00eetre en quelques heures puis r\u00e9appara\u00eetre ailleurs sur le corps. Cet aspect aide au diagnostic, car il distingue l\u2019urticaire d\u2019autres maladies de peau plus fixes ou plus prolong\u00e9es. Chez certains patients, les plaques s\u2019accompagnent d\u2019un gonflement profond des tissus, en particulier au niveau des l\u00e8vres, des paupi\u00e8res ou du visage.<\/p>\n<p style=\"text-align: justify;\">On distingue deux types d&rsquo;urticaires :<\/p>\n<ul style=\"text-align: justify;\">\n<li><strong>L&rsquo;urticaire passager<\/strong> ou aigu\u00eb, est un urticaire de courte dur\u00e9e qui peut durer quelques heures ou quelques semaines \u00e0 la suite d&rsquo;un stress important, ou de la consommation d&rsquo;un aliment sp\u00e9cifique<\/li>\n<\/ul>\n<ul style=\"text-align: justify;\">\n<li><strong>L&rsquo;urticaire chronique<\/strong> ou spontan\u00e9, se traduit quant \u00e0 lui par des \u00e9ruptions quotidiennes, qui durent plus de 6 semaines. Certaines personnes souffriront de la maladie moins d&rsquo;un an, et d&rsquo;autres peuvent en souffrir toute leur vie.<\/li>\n<\/ul>\n<p style=\"text-align: justify;\">20 % de la population est concern\u00e9e par des crises d&rsquo;urticaires, alors que seul 1 % de la population est atteinte de la maladie chronique.<\/p>\n<p style=\"text-align: justify;\"><img decoding=\"async\" class=\"size-full wp-image-4608 alignleft\" src=\"https:\/\/www.girodmedical.com\/blog\/.\/wp-content\/uploads\/2016\/09\/240_F_446873524_KwnqxD94LmtQuZuIiYY8SypCUl530Jl6.jpg\" alt=\"\" width=\"360\" height=\"240\" srcset=\"https:\/\/www.girodmedical.com\/blog\/.\/wp-content\/uploads\/2016\/09\/240_F_446873524_KwnqxD94LmtQuZuIiYY8SypCUl530Jl6.jpg 360w, https:\/\/www.girodmedical.com\/blog\/.\/wp-content\/uploads\/2016\/09\/240_F_446873524_KwnqxD94LmtQuZuIiYY8SypCUl530Jl6-300x200.jpg 300w\" sizes=\"(max-width: 360px) 100vw, 360px\" \/>En pratique, l\u2019<strong>urticaire aigu\u00eb<\/strong> correspond le plus souvent \u00e0 un \u00e9pisode unique ou \u00e0 quelques pouss\u00e9es rapproch\u00e9es, sur une courte p\u00e9riode. Elle peut parfois \u00eatre li\u00e9e \u00e0 une allergie, mais ce n\u2019est pas la situation la plus fr\u00e9quente. L\u2019<strong>urticaire chronique<\/strong>, elle, est d\u00e9finie par des pouss\u00e9es r\u00e9p\u00e9t\u00e9es sur une dur\u00e9e d\u2019au moins six semaines. Cette forme chronique peut persister plusieurs mois ou plusieurs ann\u00e9es, avec une intensit\u00e9 variable selon les p\u00e9riodes.<\/p>\n<p style=\"text-align: justify;\">L\u2019urticaire chronique est souvent tr\u00e8s mal v\u00e9cue car elle est impr\u00e9visible. Les plaques peuvent appara\u00eetre au r\u00e9veil, en journ\u00e9e, apr\u00e8s un effort, sous l\u2019effet de la chaleur, d\u2019un frottement ou sans raison \u00e9vidente. Le patient a alors le sentiment de ne plus ma\u00eetriser sa peau ni son image corporelle, ce qui explique le retentissement psychologique parfois important de cette maladie.<\/p>\n<h2 style=\"text-align: justify;\">Comment survient l\u2019urticaire ?<\/h2>\n<p style=\"text-align: justify;\">L\u2019urticaire est li\u00e9e \u00e0 l\u2019activation de cellules appel\u00e9es <strong>mastocytes<\/strong>, pr\u00e9sentes dans la peau et les muqueuses. Lorsqu\u2019ils s\u2019activent, ces mastocytes lib\u00e8rent notamment de l\u2019<strong>histamine<\/strong>, une substance qui provoque une dilatation des vaisseaux, un passage de liquide dans les tissus et donc l\u2019apparition de plaques et de d\u00e9mangeaisons. C\u2019est ce m\u00e9canisme qui explique pourquoi les <strong>antihistaminiques<\/strong> occupent une place centrale dans le traitement.<\/p>\n<p style=\"text-align: justify;\">Cette activation des mastocytes peut \u00eatre provoqu\u00e9e par des causes tr\u00e8s diff\u00e9rentes : allerg\u00e8nes, froid, chaleur, frottement, pression, m\u00e9dicaments, infections, effort physique ou encore stress. Chez de nombreux patients souffrant d\u2019urticaire chronique, on ne retrouve cependant pas de cause unique \u00e9vidente. Il s\u2019agit alors d\u2019une <strong>maladie inflammatoire<\/strong> chronique plus que d\u2019une allergie classique.<\/p>\n<h2 style=\"text-align: justify;\">Les causes<\/h2>\n<p style=\"text-align: justify;\">Il est possible que les plaques rouges et les d\u00e9mangeaisons surviennent \u00e0 cause d&rsquo;une allergie alimentaire, dans ce cas pr\u00e9cis, il faut simplement \u00e9viter d&rsquo;ing\u00e9rer les aliments allerg\u00e8nes impliqu\u00e9s.<\/p>\n<p><img decoding=\"async\" class=\"wp-image-357 alignright\" src=\"https:\/\/www.girodmedical.com\/blog\/..\/media\/wp_uploads\/2016\/06\/treat-itchy-sky-naturally-during-pregnancy.jpg\" alt=\"treat-itchy-sky-naturally-during-pregnancy\" width=\"376\" height=\"251\" srcset=\"https:\/\/www.girodmedical.com\/blog\/.\/wp-content\/uploads\/2016\/06\/treat-itchy-sky-naturally-during-pregnancy.jpg 500w, https:\/\/www.girodmedical.com\/blog\/.\/wp-content\/uploads\/2016\/06\/treat-itchy-sky-naturally-during-pregnancy-300x200.jpg 300w\" sizes=\"(max-width: 376px) 100vw, 376px\" \/><\/p>\n<p style=\"text-align: justify;\">Les <strong>urticaires spontan\u00e9s<\/strong> n&rsquo;ont g\u00e9n\u00e9ralement pas de causes pr\u00e9cises, ce qui est particuli\u00e8rement difficile \u00e0 diagnostiquer et \u00e0 traiter pour les m\u00e9decins. Souffrir de ce type d&rsquo;urticaire est \u00e9galement tr\u00e8s p\u00e9nible pour le malade, qui ne sait jamais quand il sera sujet \u00e0 une crise. C&rsquo;est une maladie impr\u00e9visible, qui d\u00e9forme le corps et le visage des personnes souffrantes. Bien que cette maladie ne soit pas une menace mortelle pour le patient, cela peut avoir un impact psychologique important, qui peut engendrer l&rsquo;exclusion sociale de ce dernier.<\/p>\n<p style=\"text-align: justify;\">Lorsque l\u2019urticaire est <strong>aigu\u00eb<\/strong>, il faut effectivement rechercher un facteur d\u00e9clenchant r\u00e9cent : m\u00e9dicament, aliment, infection, piq\u00fbre d\u2019insecte, contact avec une substance irritante ou allergisante. En revanche, dans l\u2019<strong>urticaire chronique spontan\u00e9e<\/strong>, la cause pr\u00e9cise n\u2019est souvent pas retrouv\u00e9e. Cela ne signifie pas que le patient \u201cimagine\u201d ses sympt\u00f4mes, mais que le m\u00e9canisme est plus complexe qu\u2019une simple allergie identifiable.<\/p>\n<p style=\"text-align: justify;\">Le retentissement de la maladie est souvent sous-estim\u00e9. D\u00e9mangeaisons intenses, atteinte du visage, l\u00e9sions visibles, fatigue, peur des pouss\u00e9es et incompr\u00e9hension de l\u2019entourage peuvent profond\u00e9ment affecter la qualit\u00e9 de vie. Chez certains patients, la g\u00eane sociale est majeure, notamment lorsque les crises surviennent fr\u00e9quemment ou touchent le visage et les zones visibles.<\/p>\n<p style=\"text-align: justify;\">Les causes de l&rsquo;urticaire chroniques ne sont pas facilement identifiables mais il existe tout de m\u00eame plusieurs facteurs qui peuvent favoriser son apparition :<\/p>\n<ul>\n<li style=\"text-align: justify;\">Le froid<\/li>\n<li style=\"text-align: justify;\">Le soleil et la chaleur (activit\u00e9 physique intense)<\/li>\n<li style=\"text-align: justify;\">La pression (le contact de la peau avec des v\u00eatements serr\u00e9s, une selle de v\u00e9lo, l&rsquo;\u00e9pilation etc)<\/li>\n<li style=\"text-align: justify;\">La prise de certains m\u00e9dicaments (anti-inflammatoire)<\/li>\n<li style=\"text-align: justify;\">Le stress<\/li>\n<li style=\"text-align: justify;\">La fatigue<\/li>\n<li style=\"text-align: justify;\">L&rsquo;ingestion de certains aliments comme les fraises, les fruits de mer, le kiwi &#8230;<\/li>\n<\/ul>\n<p style=\"text-align: justify;\">Ces facteurs jouent souvent un r\u00f4le de d\u00e9clencheurs ou d\u2019aggravants plus que de causes uniques. Il existe aussi des <strong>urticaires inductibles<\/strong>, d\u00e9clench\u00e9es par un stimulus physique pr\u00e9cis : urticaire au froid, urticaire solaire, dermographisme, urticaire cholinergique li\u00e9e \u00e0 la chaleur ou \u00e0 l\u2019effort, urticaire retard\u00e9e \u00e0 la pression. Les reconna\u00eetre est utile, car la pr\u00e9vention repose alors en partie sur l\u2019\u00e9vitement du stimulus d\u00e9clenchant.<\/p>\n<p style=\"text-align: justify;\">Les <strong>anti-inflammatoires non st\u00e9ro\u00efdiens<\/strong> peuvent \u00e9galement favoriser ou aggraver certaines pouss\u00e9es. C\u2019est pourquoi l\u2019interrogatoire doit toujours inclure les m\u00e9dicaments pris r\u00e9cemment, y compris ceux disponibles sans ordonnance. Pour le m\u00e9decin, la difficult\u00e9 est donc d\u2019identifier si l\u2019on se trouve face \u00e0 une urticaire allergique aigu\u00eb, \u00e0 une urticaire chronique spontan\u00e9e ou \u00e0 une forme inductible.<\/p>\n<h2 style=\"text-align: justify;\">Comment reconna\u00eetre une urgence li\u00e9e \u00e0 l\u2019urticaire ?<\/h2>\n<p style=\"text-align: justify;\"><img loading=\"lazy\" decoding=\"async\" class=\" wp-image-4609 alignleft\" src=\"https:\/\/www.girodmedical.com\/blog\/.\/wp-content\/uploads\/2016\/09\/240_F_995888198_oZKASJFdMvA0QbAhqMK5TVHKvDP5KyiR.jpg\" alt=\"\" width=\"326\" height=\"217\" srcset=\"https:\/\/www.girodmedical.com\/blog\/.\/wp-content\/uploads\/2016\/09\/240_F_995888198_oZKASJFdMvA0QbAhqMK5TVHKvDP5KyiR.jpg 360w, https:\/\/www.girodmedical.com\/blog\/.\/wp-content\/uploads\/2016\/09\/240_F_995888198_oZKASJFdMvA0QbAhqMK5TVHKvDP5KyiR-300x200.jpg 300w\" sizes=\"(max-width: 326px) 100vw, 326px\" \/>La plupart des pouss\u00e9es d\u2019urticaire sont impressionnantes, mais non graves. En revanche, certains signes imposent une prise en charge urgente : <strong>difficult\u00e9 respiratoire<\/strong>, gonflement rapide de la langue ou de la gorge, sensation d\u2019\u00e9touffement, malaise, chute de tension, douleurs abdominales importantes, vomissements r\u00e9p\u00e9t\u00e9s ou perte de connaissance.<\/p>\n<p style=\"text-align: justify;\">Dans ces situations, il peut s\u2019agir d\u2019un <strong>\u0153d\u00e8me de Quincke allergique<\/strong> ou d\u2019une <strong>r\u00e9action anaphylactique<\/strong>. L\u2019urgence n\u2019est pas la plaque cutan\u00e9e elle-m\u00eame, mais l\u2019atteinte des voies respiratoires ou de l\u2019\u00e9tat g\u00e9n\u00e9ral. Le bon r\u00e9flexe est d\u2019appeler imm\u00e9diatement les secours et, si un <strong>stylo d\u2019adr\u00e9naline auto-injectable<\/strong> a \u00e9t\u00e9 prescrit, de l\u2019utiliser sans attendre selon les <strong>consignes m\u00e9dicales<\/strong>.<\/p>\n<h2 style=\"text-align: justify;\">Les traitements<\/h2>\n<p style=\"text-align: justify;\">L&rsquo;urticaire peut parfois prendre une forme plus grave en d\u00e9clenchant chez le patient un \u0153d\u00e8me de Quincke. Il se traduit par le gonflement important et rapide de la peau et des muqueuses du patient. Si cet \u0153d\u00e8me est localis\u00e9 sur le larynx, cela peut obstruer les voies respiratoires du patient et entra\u00eener une suffocation. Il faut alors pratiquer en urgence une intubation trach\u00e9ale \u00e0 l&rsquo;aide d&rsquo;un <strong><a href=\"https:\/\/www.girodmedical.com\/set-de-laryngoscopie-pour-adultes-gima.html\" rel=\"noopener\">laryngoscope<\/a><\/strong>, et injecter de l\u2019adr\u00e9naline pour lib\u00e9rer les voies respiratoires du patient.<\/p>\n<p style=\"text-align: justify;\"><img loading=\"lazy\" decoding=\"async\" class=\"size-full wp-image-4610 alignright\" src=\"https:\/\/www.girodmedical.com\/blog\/.\/wp-content\/uploads\/2016\/09\/240_F_1944852662_NuWau6VZ0ZxHwpAbLpcuf5DUANNCOi2p.jpg\" alt=\"\" width=\"403\" height=\"240\" srcset=\"https:\/\/www.girodmedical.com\/blog\/.\/wp-content\/uploads\/2016\/09\/240_F_1944852662_NuWau6VZ0ZxHwpAbLpcuf5DUANNCOi2p.jpg 403w, https:\/\/www.girodmedical.com\/blog\/.\/wp-content\/uploads\/2016\/09\/240_F_1944852662_NuWau6VZ0ZxHwpAbLpcuf5DUANNCOi2p-300x179.jpg 300w\" sizes=\"(max-width: 403px) 100vw, 403px\" \/>En cas d\u2019atteinte du larynx ou de d\u00e9tresse respiratoire, la prise en charge rel\u00e8ve d\u2019une <strong>urgence m\u00e9dicale absolue<\/strong>. L\u2019<strong>adr\u00e9naline<\/strong> est le traitement de r\u00e9f\u00e9rence des formes allergiques s\u00e9v\u00e8res. L\u2019intubation trach\u00e9ale, lorsqu\u2019elle est n\u00e9cessaire, est bien entendu un geste de r\u00e9animation r\u00e9serv\u00e9 \u00e0 des professionnels entra\u00een\u00e9s, dans un cadre d\u2019urgence adapt\u00e9. Pour un lecteur non soignant, le message essentiel doit rester simple : difficult\u00e9 respiratoire, malaise ou gonflement rapide du visage et de la gorge = appel imm\u00e9diat aux urgences.<\/p>\n<p style=\"text-align: justify;\">L&rsquo;urticaire chronique est trait\u00e9 \u00e0 l&rsquo;aide d&rsquo;<strong>antihistaminiques<\/strong>, \u00e0 prendre quotidiennement. Lorsque les antihistaminiques ne r\u00e9pondent pas, le m\u00e9decin intensifie les doses ou propose un autre antihistaminique. Si le traitement ne convient toujours pas au malade, il faut consulter un dermatologue sp\u00e9cialis\u00e9 pour essayer d&rsquo;autres solutions alternatives.<\/p>\n<p style=\"text-align: justify;\">Le traitement de fond de l\u2019urticaire chronique repose en effet sur les antihistaminiques H1 de seconde g\u00e9n\u00e9ration. Ils sont g\u00e9n\u00e9ralement pris tous les jours, m\u00eame lorsqu\u2019il n\u2019y a pas de plaques au moment de la consultation. L\u2019objectif n\u2019est pas seulement de calmer une pouss\u00e9e ponctuelle, mais de contr\u00f4ler la maladie dans la dur\u00e9e. En cas de r\u00e9ponse insuffisante, le m\u00e9decin peut adapter la dose ou r\u00e9\u00e9valuer la strat\u00e9gie th\u00e9rapeutique.<\/p>\n<p style=\"text-align: justify;\">Lorsque l\u2019urticaire chronique reste mal contr\u00f4l\u00e9e malgr\u00e9 ce traitement, une prise en charge sp\u00e9cialis\u00e9e peut \u00eatre n\u00e9cessaire. Le <strong>dermatologue<\/strong> ou l\u2019<strong>allergologue<\/strong> peut alors envisager d\u2019autres options, notamment une <strong>bioth\u00e9rapie<\/strong> comme l\u2019<strong>omalizumab<\/strong> dans certaines formes d\u2019urticaire chronique spontan\u00e9e insuffisamment contr\u00f4l\u00e9es.<\/p>\n<p style=\"text-align: justify;\">Lors de crises intenses, il est pr\u00e9conis\u00e9 d&rsquo;administrer des cortico\u00efdes au patient, mais seulement durant une courte p\u00e9riode (2 \u00e0 5 jours). Bien qu&rsquo;ils soient tr\u00e8s efficaces contre les crises d&rsquo;urticaire, les cortico\u00efdes ne peuvent constituer un traitement de fond pour le patient car ses effets secondaires peuvent \u00eatre dangereux pour la sant\u00e9 sur le long terme.<\/p>\n<p style=\"text-align: justify;\">Aujourd\u2019hui, les <strong>cortico\u00efdes<\/strong> ne sont pas recommand\u00e9s comme traitement de fond de l\u2019urticaire chronique. Ils peuvent parfois \u00eatre utilis\u00e9s dans certaines situations aigu\u00ebs sp\u00e9cifiques sur d\u00e9cision m\u00e9dicale, mais ils ne doivent pas remplacer la strat\u00e9gie de fond par antihistaminiques. Leur usage r\u00e9p\u00e9t\u00e9 expose \u00e0 des effets ind\u00e9sirables et peut compliquer la prise en charge \u00e0 long terme.<\/p>\n<p style=\"text-align: justify;\">Il est \u00e9galement recommand\u00e9 de traiter les sympt\u00f4mes et les causes de l&rsquo;urticaire de fa\u00e7on naturelle, en r\u00e9duisant le stress \u00e0 l&rsquo;aide d&rsquo;<strong><a href=\"https:\/\/www.girodmedical.com\/huile-essentielle-bio-lanaform-nuit-apaisante-flacon-de-10ml.html\">huile essentielle<\/a><\/strong>, et d&rsquo;un<strong><a href=\"https:\/\/www.girodmedical.com\/diffuseur-d-huiles-essentielles-en-bois-lanaform-davy-mist.html\"> diffuseur d&rsquo;huile essentielle<\/a><\/strong> par exemple.<\/p>\n<p><img loading=\"lazy\" decoding=\"async\" class=\"wp-image-358 \" src=\"https:\/\/www.girodmedical.com\/blog\/..\/media\/wp_uploads\/2016\/06\/253-300x300.jpg\" alt=\"_253\" width=\"307\" height=\"307\" srcset=\"https:\/\/www.girodmedical.com\/blog\/.\/wp-content\/uploads\/2016\/06\/253-300x300.jpg 300w, https:\/\/www.girodmedical.com\/blog\/.\/wp-content\/uploads\/2016\/06\/253.jpg 536w\" sizes=\"(max-width: 307px) 100vw, 307px\" \/><\/p>\n<p style=\"text-align: justify;\">La gestion du stress, de l\u2019anxi\u00e9t\u00e9 et de la fatigue peut aider certains patients \u00e0 mieux vivre leur maladie, car ces facteurs peuvent aggraver les pouss\u00e9es. En revanche, les approches dites \u201cnaturelles\u201d ne remplacent pas le <strong>traitement m\u00e9dical valid\u00e9<\/strong>. Si certaines personnes trouvent un b\u00e9n\u00e9fice subjectif \u00e0 des techniques de relaxation, d\u2019hygi\u00e8ne de vie ou de bien-\u00eatre, elles doivent \u00eatre pr\u00e9sent\u00e9es comme des mesures d\u2019accompagnement, et non comme un traitement de r\u00e9f\u00e9rence de l\u2019urticaire chronique.<\/p>\n<p style=\"text-align: justify;\">Dans la vie quotidienne, des mesures simples peuvent aussi limiter la g\u00eane :<\/p>\n<ul style=\"text-align: justify;\">\n<li>porter des v\u00eatements amples pour limiter les frottements ;<\/li>\n<li>\u00e9viter, si possible, les facteurs d\u00e9clenchants d\u00e9j\u00e0 identifi\u00e9s ;<\/li>\n<li>prendre r\u00e9guli\u00e8rement le traitement prescrit plut\u00f4t qu\u2019uniquement pendant les pouss\u00e9es ;<\/li>\n<li>photographier les l\u00e9sions lorsqu\u2019elles apparaissent, car elles ont parfois disparu au moment de la consultation ;<\/li>\n<li>consulter de nouveau si les sympt\u00f4mes changent, s\u2019intensifient ou deviennent mal contr\u00f4l\u00e9s.<\/li>\n<\/ul>\n<p style=\"text-align: justify;\">Les patients souffrants d&rsquo;urticaires sont souvent confront\u00e9s \u00e0 des m\u00e9decins peu inform\u00e9s sur cette pathologie, alors que les malades ont besoin d&rsquo;un suivi sur le long terme et d&rsquo;un r\u00e9el accompagnement m\u00e9dical et psychologique, essentiel \u00e0 leur bien-\u00eatre. Diverses actions ont ainsi \u00e9t\u00e9 men\u00e9es dans ce sens, comme la cr\u00e9ation d&rsquo;une journ\u00e9e mondiale, d\u00e9di\u00e9e \u00e0 cette maladie m\u00e9connue, qui a lieu chaque ann\u00e9e le 1er octobre.<\/p>\n<p style=\"text-align: justify;\">Le <strong>suivi m\u00e9dical<\/strong> et l\u2019<strong>information du patient<\/strong> restent en effet essentiels. Une urticaire chronique bien expliqu\u00e9e, bien identifi\u00e9e et correctement trait\u00e9e est souvent mieux v\u00e9cue. Le r\u00f4le du m\u00e9decin n\u2019est pas seulement de prescrire, mais aussi de rassurer, d\u2019expliquer la maladie, de pr\u00e9ciser les signes d\u2019alerte et d\u2019\u00e9viter les id\u00e9es re\u00e7ues, notamment l\u2019id\u00e9e que toute urticaire chronique serait forc\u00e9ment allergique ou dangereuse.<\/p>\n<h2 style=\"text-align: justify;\">Le diagnostic<\/h2>\n<p style=\"text-align: justify;\">Le <strong>diagnostic de l\u2019urticaire<\/strong> repose d\u2019abord sur l\u2019examen clinique et l\u2019interrogatoire. Le m\u00e9decin recherche :<\/p>\n<ul style=\"text-align: justify;\">\n<li>la dur\u00e9e d\u2019\u00e9volution des plaques<\/li>\n<li>leur fr\u00e9quence<\/li>\n<li>leur localisation<\/li>\n<li>la pr\u00e9sence d\u2019un gonflement du visage ou des muqueuses<\/li>\n<li>des facteurs d\u00e9clenchants possibles : aliments, m\u00e9dicaments, froid, chaleur, frottement, effort, stress<\/li>\n<li>des ant\u00e9c\u00e9dents personnels ou familiaux d\u2019allergie<\/li>\n<\/ul>\n<p style=\"text-align: justify;\">Dans la majorit\u00e9 des cas d\u2019<strong>urticaire chronique spontan\u00e9e<\/strong>, un <strong>bilan allergologique<\/strong> complet n\u2019est pas utile s\u2019il n\u2019y a pas de suspicion d\u2019urticaire allergique. En revanche, en cas d\u2019urticaire aigu\u00eb \u00e9voquant une allergie, le m\u00e9decin peut demander un <strong>bilan allergologique<\/strong> avec tests cutan\u00e9s et, si n\u00e9cessaire, dosages sanguins. Cette pr\u00e9cision est importante, car elle \u00e9vite des examens inutiles et des \u00e9victions alimentaires injustifi\u00e9es.<\/p>\n<h2 style=\"text-align: justify;\">Urticaire aigu\u00eb, urticaire chronique et urticaire allergique : quelles diff\u00e9rences ?<\/h2>\n<p style=\"text-align: justify;\">Il est tr\u00e8s utile, notamment pour les patients, de distinguer trois situations :<\/p>\n<table style=\"border-collapse: collapse; width: 100%; margin-bottom: 20px;\" border=\"1\" cellpadding=\"10\">\n<tbody>\n<tr>\n<th>Type d\u2019urticaire<\/th>\n<th>Dur\u00e9e \/ \u00e9volution<\/th>\n<th>Particularit\u00e9s<\/th>\n<\/tr>\n<tr>\n<td><strong>Urticaire aigu\u00eb<\/strong><\/td>\n<td>Quelques heures \u00e0 quelques jours<\/td>\n<td>Tr\u00e8s fr\u00e9quente, souvent sans gravit\u00e9, parfois d\u00e9clench\u00e9e par une infection, un m\u00e9dicament ou plus rarement une allergie<\/td>\n<\/tr>\n<tr>\n<td><strong>Urticaire chronique spontan\u00e9e<\/strong><\/td>\n<td>Pouss\u00e9es r\u00e9p\u00e9t\u00e9es pendant plus de 6 semaines<\/td>\n<td>Maladie inflammatoire chronique, le plus souvent non allergique, retentissement important sur la qualit\u00e9 de vie<\/td>\n<\/tr>\n<tr>\n<td><strong>Urticaire allergique<\/strong><\/td>\n<td>R\u00e9action rapide apr\u00e8s contact avec un allerg\u00e8ne<\/td>\n<td>Rare, mais potentiellement grave ; peut s\u2019accompagner d\u2019un \u0153d\u00e8me de Quincke ou d\u2019une anaphylaxie<\/td>\n<\/tr>\n<\/tbody>\n<\/table>\n<p style=\"text-align: justify;\">Cette distinction est essentielle pour \u00e9viter les erreurs fr\u00e9quentes de prise en charge. Beaucoup de patients pensent souffrir d\u2019une allergie chronique alors qu\u2019ils ont en r\u00e9alit\u00e9 une <strong>urticaire chronique spontan\u00e9e<\/strong>. \u00c0 l\u2019inverse, une r\u00e9action aigu\u00eb s\u00e9v\u00e8re apr\u00e8s un aliment ou un m\u00e9dicament doit faire rechercher une <strong>allergie vraie<\/strong> et imposer une conduite de pr\u00e9vention adapt\u00e9e.<\/p>\n<h2 style=\"text-align: justify;\">FAQ \u2013 L\u2019urticaire<\/h2>\n<h3 style=\"text-align: justify;\">Qu\u2019est-ce que l\u2019urticaire chronique ?<\/h3>\n<p style=\"text-align: justify;\">L\u2019<strong>urticaire chronique<\/strong> correspond \u00e0 des pouss\u00e9es d\u2019urticaire qui reviennent pendant plus de <strong>6 semaines<\/strong>. Elle n\u2019est pas le plus souvent une allergie, mais une maladie inflammatoire chronique de la peau.<\/p>\n<h3 style=\"text-align: justify;\">L\u2019urticaire est-elle toujours une allergie ?<\/h3>\n<p style=\"text-align: justify;\">Non. Une <strong>urticaire aigu\u00eb<\/strong> peut parfois \u00eatre li\u00e9e \u00e0 une allergie, mais l\u2019<strong>urticaire chronique spontan\u00e9e<\/strong> n\u2019est g\u00e9n\u00e9ralement pas une maladie allergique.<\/p>\n<h3 style=\"text-align: justify;\">Quels sont les sympt\u00f4mes de l\u2019urticaire ?<\/h3>\n<p style=\"text-align: justify;\">Les sympt\u00f4mes typiques sont des <strong>plaques rouges<\/strong>, des <strong>papules<\/strong>, des <strong>d\u00e9mangeaisons<\/strong> et parfois un <strong>angi\u0153d\u00e8me<\/strong> avec gonflement du visage ou des muqueuses.<\/p>\n<h3 style=\"text-align: justify;\">Quel est le traitement de fond de l\u2019urticaire chronique ?<\/h3>\n<p style=\"text-align: justify;\">Le traitement de r\u00e9f\u00e9rence repose sur les <strong>antihistaminiques H1 de seconde g\u00e9n\u00e9ration<\/strong>, pris r\u00e9guli\u00e8rement. En cas d\u2019\u00e9chec, un sp\u00e9cialiste peut envisager d\u2019autres options comme l\u2019<strong>omalizumab<\/strong>.<\/p>\n<h3 style=\"text-align: justify;\">Quand faut-il appeler les urgences ?<\/h3>\n<p style=\"text-align: justify;\">Il faut appeler les urgences en cas de <strong>difficult\u00e9 respiratoire<\/strong>, de <strong>malaise<\/strong>, de gonflement rapide de la langue, de la gorge ou du visage, ou si une r\u00e9action allergique s\u00e9v\u00e8re est suspect\u00e9e.<\/p>\n<h3 style=\"text-align: justify;\">Les cortico\u00efdes sont-ils adapt\u00e9s \u00e0 l\u2019urticaire chronique ?<\/h3>\n<p style=\"text-align: justify;\">Non, les <strong>cortico\u00efdes<\/strong> ne sont pas un traitement de fond de l\u2019urticaire chronique. La prise en charge repose surtout sur les antihistaminiques et, si besoin, sur une r\u00e9\u00e9valuation sp\u00e9cialis\u00e9e.<\/p>\n<h3 style=\"text-align: justify;\">Le stress peut-il aggraver l\u2019urticaire ?<\/h3>\n<p style=\"text-align: justify;\">Oui, le <strong>stress<\/strong> et l\u2019<strong>anxi\u00e9t\u00e9<\/strong> font partie des facteurs aggravants fr\u00e9quents, surtout dans l\u2019urticaire chronique.<\/p>\n<h2 style=\"text-align: justify;\">&#x1f4cc; Points cl\u00e9s \u00e0 retenir<\/h2>\n<ul>\n<li>&#x1f33f; L\u2019<strong>urticaire<\/strong> provoque des plaques et des d\u00e9mangeaisons, parfois associ\u00e9es \u00e0 un gonflement plus profond.<\/li>\n<li>&#x1f4c6; Une <strong>urticaire chronique<\/strong> correspond \u00e0 des pouss\u00e9es r\u00e9p\u00e9t\u00e9es pendant plus de <strong>6 semaines<\/strong>.<\/li>\n<li>&#x1fa7a; L\u2019urticaire chronique est le plus souvent une <strong>maladie inflammatoire<\/strong> et non une allergie.<\/li>\n<li>&#x1f48a; Les <strong>antihistaminiques de seconde g\u00e9n\u00e9ration<\/strong> constituent le traitement de fond de r\u00e9f\u00e9rence.<\/li>\n<li>&#x1f6a8; Un <strong>\u0153d\u00e8me de Quincke<\/strong> avec difficult\u00e9 respiratoire ou une r\u00e9action anaphylactique imposent une prise en charge en urgence.<\/li>\n<li>&#x1f9e0; Le <strong>stress<\/strong>, la <strong>fatigue<\/strong> et certains facteurs physiques peuvent aggraver les pouss\u00e9es.<\/li>\n<\/ul>\n<h2 style=\"text-align: justify;\">&#x1f4da; Sources consultables<\/h2>\n<ul>\n<li><a href=\"https:\/\/www.ameli.fr\/assure\/sante\/themes\/urticaire\/reconnaitre-urticaire\" target=\"_blank\" rel=\"noopener\">Ameli \u2013 Urticaire : sympt\u00f4mes et causes<\/a><\/li>\n<li><a href=\"https:\/\/www.ameli.fr\/assure\/sante\/themes\/urticaire\/diagnostic-traitement\" target=\"_blank\" rel=\"noopener\">Ameli \u2013 Diagnostic et traitement de l\u2019urticaire<\/a><\/li>\n<li><a href=\"https:\/\/www.ameli.fr\/assure\/sante\/themes\/urticaire\/que-faire-cas-faut-consulter\" target=\"_blank\" rel=\"noopener\">Ameli \u2013 Crise d\u2019urticaire : que faire ?<\/a><\/li>\n<li><a href=\"https:\/\/www.ameli.fr\/assure\/sante\/urgence\/pathologies\/oedeme-quincke\" target=\"_blank\" rel=\"noopener\">Ameli \u2013 \u0152d\u00e8me de Quincke<\/a><\/li>\n<li><a href=\"https:\/\/www.has-sante.fr\/jcms\/c_272211\/fr\/prise-en-charge-de-l-urticaire-chronique\" target=\"_blank\" rel=\"noopener\">HAS \u2013 Prise en charge de l\u2019urticaire chronique<\/a><\/li>\n<\/ul>\n","protected":false},"excerpt":{"rendered":"<p>&#x1fa7a; Urticaire : les points cl\u00e9s \u00e0 retenir &#x26a0;&#xfe0f; L\u2019urticaire est une \u00e9ruption cutan\u00e9e avec plaques rouges, papules et d\u00e9mangeaisons, parfois associ\u00e9e \u00e0 un gonflement plus profond appel\u00e9 angi\u0153d\u00e8me. &#x1f4c6; On distingue l\u2019urticaire aigu\u00eb, de courte dur\u00e9e, et l\u2019urticaire chronique, lorsque les pouss\u00e9es reviennent pendant plus de 6 semaines. &#x1f48a; Le traitement de r\u00e9f\u00e9rence repose &hellip; <a href=\"https:\/\/www.girodmedical.com\/blog\/lurticaire-une-maladie-chronique-mal-soignee\/\" class=\"more-link\">Lire l&rsquo;article <span class=\"screen-reader-text\">L&rsquo;urticaire, une maladie chronique mal soign\u00e9e ?<\/span> <span class=\"meta-nav\">&rarr;<\/span><\/a><\/p>\n","protected":false},"author":1,"featured_media":4606,"comment_status":"open","ping_status":"open","sticky":false,"template":"","format":"standard","meta":{"footnotes":""},"categories":[54],"tags":[],"yoast_head":"<!-- This site is optimized with the Yoast SEO plugin v20.13 - https:\/\/yoast.com\/wordpress\/plugins\/seo\/ -->\n<title>L&#039;urticaire, une maladie chronique mal soign\u00e9e ? - Girodmedical Blog : Le blog du mat\u00e9riel m\u00e9dical<\/title>\n<meta name=\"robots\" content=\"index, follow, max-snippet:-1, max-image-preview:large, max-video-preview:-1\" \/>\n<link rel=\"canonical\" href=\"https:\/\/www.girodmedical.com\/blog\/lurticaire-une-maladie-chronique-mal-soignee\/\" \/>\n<meta property=\"og:locale\" content=\"fr_FR\" \/>\n<meta property=\"og:type\" content=\"article\" \/>\n<meta property=\"og:title\" content=\"L&#039;urticaire, une maladie chronique mal soign\u00e9e ? - Girodmedical Blog : Le blog du mat\u00e9riel m\u00e9dical\" \/>\n<meta property=\"og:description\" content=\"&#x1fa7a; Urticaire : les points cl\u00e9s \u00e0 retenir &#x26a0;&#xfe0f; L\u2019urticaire est une \u00e9ruption cutan\u00e9e avec plaques rouges, papules et d\u00e9mangeaisons, parfois associ\u00e9e \u00e0 un gonflement plus profond appel\u00e9 angi\u0153d\u00e8me. &#x1f4c6; On distingue l\u2019urticaire aigu\u00eb, de courte dur\u00e9e, et l\u2019urticaire chronique, lorsque les pouss\u00e9es reviennent pendant plus de 6 semaines. &#x1f48a; Le traitement de r\u00e9f\u00e9rence repose &hellip; Lire l&#039;article L&rsquo;urticaire, une maladie chronique mal soign\u00e9e ? &rarr;\" \/>\n<meta property=\"og:url\" content=\"https:\/\/www.girodmedical.com\/blog\/lurticaire-une-maladie-chronique-mal-soignee\/\" \/>\n<meta property=\"og:site_name\" content=\"Girodmedical Blog : Le blog du mat\u00e9riel m\u00e9dical\" \/>\n<meta property=\"article:author\" content=\"https:\/\/www.facebook.com\/admielab\" \/>\n<meta property=\"article:published_time\" content=\"2026-03-31T10:42:13+00:00\" \/>\n<meta property=\"article:modified_time\" content=\"2026-04-02T10:09:14+00:00\" \/>\n<meta property=\"og:image\" content=\"https:\/\/www.girodmedical.com\/blog\/.\/wp-content\/uploads\/2016\/09\/Article-Lurticaire-quest-ce-que-cest-1.jpg\" \/>\n\t<meta property=\"og:image:width\" content=\"1140\" \/>\n\t<meta property=\"og:image:height\" content=\"456\" \/>\n\t<meta property=\"og:image:type\" content=\"image\/jpeg\" \/>\n<meta name=\"author\" content=\"Audrey de Girodmedical\" \/>\n<meta name=\"twitter:label1\" content=\"\u00c9crit par\" \/>\n\t<meta name=\"twitter:data1\" content=\"Audrey de Girodmedical\" \/>\n\t<meta name=\"twitter:label2\" content=\"Dur\u00e9e de lecture estim\u00e9e\" \/>\n\t<meta name=\"twitter:data2\" content=\"15 minutes\" \/>\n<script type=\"application\/ld+json\" class=\"yoast-schema-graph\">{\"@context\":\"https:\/\/schema.org\",\"@graph\":[{\"@type\":\"WebPage\",\"@id\":\"https:\/\/www.girodmedical.com\/blog\/lurticaire-une-maladie-chronique-mal-soignee\/\",\"url\":\"https:\/\/www.girodmedical.com\/blog\/lurticaire-une-maladie-chronique-mal-soignee\/\",\"name\":\"L'urticaire, une maladie chronique mal soign\u00e9e ? - Girodmedical Blog : Le blog du mat\u00e9riel m\u00e9dical\",\"isPartOf\":{\"@id\":\"https:\/\/www.girodmedical.com\/blog\/#website\"},\"datePublished\":\"2026-03-31T10:42:13+00:00\",\"dateModified\":\"2026-04-02T10:09:14+00:00\",\"author\":{\"@id\":\"https:\/\/www.girodmedical.com\/blog\/#\/schema\/person\/45d388c2ba0e4feaabd1446960ef30d0\"},\"breadcrumb\":{\"@id\":\"https:\/\/www.girodmedical.com\/blog\/lurticaire-une-maladie-chronique-mal-soignee\/#breadcrumb\"},\"inLanguage\":\"fr-FR\",\"potentialAction\":[{\"@type\":\"ReadAction\",\"target\":[\"https:\/\/www.girodmedical.com\/blog\/lurticaire-une-maladie-chronique-mal-soignee\/\"]}]},{\"@type\":\"BreadcrumbList\",\"@id\":\"https:\/\/www.girodmedical.com\/blog\/lurticaire-une-maladie-chronique-mal-soignee\/#breadcrumb\",\"itemListElement\":[{\"@type\":\"ListItem\",\"position\":1,\"name\":\"Accueil\",\"item\":\"https:\/\/www.girodmedical.com\/blog\/\"},{\"@type\":\"ListItem\",\"position\":2,\"name\":\"L&rsquo;urticaire, une maladie chronique mal soign\u00e9e ?\"}]},{\"@type\":\"WebSite\",\"@id\":\"https:\/\/www.girodmedical.com\/blog\/#website\",\"url\":\"https:\/\/www.girodmedical.com\/blog\/\",\"name\":\"Girodmedical Blog : Le blog du mat\u00e9riel m\u00e9dical\",\"description\":\"\",\"potentialAction\":[{\"@type\":\"SearchAction\",\"target\":{\"@type\":\"EntryPoint\",\"urlTemplate\":\"https:\/\/www.girodmedical.com\/blog\/?s={search_term_string}\"},\"query-input\":\"required name=search_term_string\"}],\"inLanguage\":\"fr-FR\"},{\"@type\":\"Person\",\"@id\":\"https:\/\/www.girodmedical.com\/blog\/#\/schema\/person\/45d388c2ba0e4feaabd1446960ef30d0\",\"name\":\"Audrey de Girodmedical\",\"image\":{\"@type\":\"ImageObject\",\"inLanguage\":\"fr-FR\",\"@id\":\"https:\/\/www.girodmedical.com\/blog\/#\/schema\/person\/image\/\",\"url\":\"https:\/\/secure.gravatar.com\/avatar\/6a25d3946b25d84cc71fcd4c333e4416?s=96&d=mm&r=g\",\"contentUrl\":\"https:\/\/secure.gravatar.com\/avatar\/6a25d3946b25d84cc71fcd4c333e4416?s=96&d=mm&r=g\",\"caption\":\"Audrey de Girodmedical\"},\"description\":\"Audrey de Girodmedical suit l\u2019actualit\u00e9 du secteur de la sant\u00e9 afin de vous fournir des informations sur les derni\u00e8res tendances et pratiques. Son r\u00f4le de conseill\u00e8re client\u00e8le lui permet de comprendre vos attentes afin de vous aider dans le choix de votre mat\u00e9riel m\u00e9dical. Retrouvez tous ses conseils \u00e0 travers les articles qu\u2019elle publie sur ce blog, r\u00e9dig\u00e9s gr\u00e2ce \u00e0 l'aide des avis et des retours d'exp\u00e9riences de nos clients professionnels de sant\u00e9.\",\"sameAs\":[\"https:\/\/www.girodmedical.com\/\",\"https:\/\/www.facebook.com\/admielab\",\"https:\/\/twitter.com\/Girodmedical\"],\"url\":\"https:\/\/www.girodmedical.com\/blog\/author\/admin\/\"}]}<\/script>\n<!-- \/ Yoast SEO plugin. -->","yoast_head_json":{"title":"L'urticaire, une maladie chronique mal soign\u00e9e ? - Girodmedical Blog : Le blog du mat\u00e9riel m\u00e9dical","robots":{"index":"index","follow":"follow","max-snippet":"max-snippet:-1","max-image-preview":"max-image-preview:large","max-video-preview":"max-video-preview:-1"},"canonical":"https:\/\/www.girodmedical.com\/blog\/lurticaire-une-maladie-chronique-mal-soignee\/","og_locale":"fr_FR","og_type":"article","og_title":"L'urticaire, une maladie chronique mal soign\u00e9e ? - Girodmedical Blog : Le blog du mat\u00e9riel m\u00e9dical","og_description":"&#x1fa7a; Urticaire : les points cl\u00e9s \u00e0 retenir &#x26a0;&#xfe0f; L\u2019urticaire est une \u00e9ruption cutan\u00e9e avec plaques rouges, papules et d\u00e9mangeaisons, parfois associ\u00e9e \u00e0 un gonflement plus profond appel\u00e9 angi\u0153d\u00e8me. &#x1f4c6; On distingue l\u2019urticaire aigu\u00eb, de courte dur\u00e9e, et l\u2019urticaire chronique, lorsque les pouss\u00e9es reviennent pendant plus de 6 semaines. &#x1f48a; Le traitement de r\u00e9f\u00e9rence repose &hellip; Lire l'article L&rsquo;urticaire, une maladie chronique mal soign\u00e9e ? &rarr;","og_url":"https:\/\/www.girodmedical.com\/blog\/lurticaire-une-maladie-chronique-mal-soignee\/","og_site_name":"Girodmedical Blog : Le blog du mat\u00e9riel m\u00e9dical","article_author":"https:\/\/www.facebook.com\/admielab","article_published_time":"2026-03-31T10:42:13+00:00","article_modified_time":"2026-04-02T10:09:14+00:00","og_image":[{"width":1140,"height":456,"url":"https:\/\/www.girodmedical.com\/blog\/.\/wp-content\/uploads\/2016\/09\/Article-Lurticaire-quest-ce-que-cest-1.jpg","type":"image\/jpeg"}],"author":"Audrey de Girodmedical","twitter_misc":{"\u00c9crit par":"Audrey de Girodmedical","Dur\u00e9e de lecture estim\u00e9e":"15 minutes"},"schema":{"@context":"https:\/\/schema.org","@graph":[{"@type":"WebPage","@id":"https:\/\/www.girodmedical.com\/blog\/lurticaire-une-maladie-chronique-mal-soignee\/","url":"https:\/\/www.girodmedical.com\/blog\/lurticaire-une-maladie-chronique-mal-soignee\/","name":"L'urticaire, une maladie chronique mal soign\u00e9e ? - Girodmedical Blog : Le blog du mat\u00e9riel m\u00e9dical","isPartOf":{"@id":"https:\/\/www.girodmedical.com\/blog\/#website"},"datePublished":"2026-03-31T10:42:13+00:00","dateModified":"2026-04-02T10:09:14+00:00","author":{"@id":"https:\/\/www.girodmedical.com\/blog\/#\/schema\/person\/45d388c2ba0e4feaabd1446960ef30d0"},"breadcrumb":{"@id":"https:\/\/www.girodmedical.com\/blog\/lurticaire-une-maladie-chronique-mal-soignee\/#breadcrumb"},"inLanguage":"fr-FR","potentialAction":[{"@type":"ReadAction","target":["https:\/\/www.girodmedical.com\/blog\/lurticaire-une-maladie-chronique-mal-soignee\/"]}]},{"@type":"BreadcrumbList","@id":"https:\/\/www.girodmedical.com\/blog\/lurticaire-une-maladie-chronique-mal-soignee\/#breadcrumb","itemListElement":[{"@type":"ListItem","position":1,"name":"Accueil","item":"https:\/\/www.girodmedical.com\/blog\/"},{"@type":"ListItem","position":2,"name":"L&rsquo;urticaire, une maladie chronique mal soign\u00e9e ?"}]},{"@type":"WebSite","@id":"https:\/\/www.girodmedical.com\/blog\/#website","url":"https:\/\/www.girodmedical.com\/blog\/","name":"Girodmedical Blog : Le blog du mat\u00e9riel m\u00e9dical","description":"","potentialAction":[{"@type":"SearchAction","target":{"@type":"EntryPoint","urlTemplate":"https:\/\/www.girodmedical.com\/blog\/?s={search_term_string}"},"query-input":"required name=search_term_string"}],"inLanguage":"fr-FR"},{"@type":"Person","@id":"https:\/\/www.girodmedical.com\/blog\/#\/schema\/person\/45d388c2ba0e4feaabd1446960ef30d0","name":"Audrey de Girodmedical","image":{"@type":"ImageObject","inLanguage":"fr-FR","@id":"https:\/\/www.girodmedical.com\/blog\/#\/schema\/person\/image\/","url":"https:\/\/secure.gravatar.com\/avatar\/6a25d3946b25d84cc71fcd4c333e4416?s=96&d=mm&r=g","contentUrl":"https:\/\/secure.gravatar.com\/avatar\/6a25d3946b25d84cc71fcd4c333e4416?s=96&d=mm&r=g","caption":"Audrey de Girodmedical"},"description":"Audrey de Girodmedical suit l\u2019actualit\u00e9 du secteur de la sant\u00e9 afin de vous fournir des informations sur les derni\u00e8res tendances et pratiques. Son r\u00f4le de conseill\u00e8re client\u00e8le lui permet de comprendre vos attentes afin de vous aider dans le choix de votre mat\u00e9riel m\u00e9dical. Retrouvez tous ses conseils \u00e0 travers les articles qu\u2019elle publie sur ce blog, r\u00e9dig\u00e9s gr\u00e2ce \u00e0 l'aide des avis et des retours d'exp\u00e9riences de nos clients professionnels de sant\u00e9.","sameAs":["https:\/\/www.girodmedical.com\/","https:\/\/www.facebook.com\/admielab","https:\/\/twitter.com\/Girodmedical"],"url":"https:\/\/www.girodmedical.com\/blog\/author\/admin\/"}]}},"_links":{"self":[{"href":"https:\/\/www.girodmedical.com\/blog\/wp-json\/wp\/v2\/posts\/356"}],"collection":[{"href":"https:\/\/www.girodmedical.com\/blog\/wp-json\/wp\/v2\/posts"}],"about":[{"href":"https:\/\/www.girodmedical.com\/blog\/wp-json\/wp\/v2\/types\/post"}],"author":[{"embeddable":true,"href":"https:\/\/www.girodmedical.com\/blog\/wp-json\/wp\/v2\/users\/1"}],"replies":[{"embeddable":true,"href":"https:\/\/www.girodmedical.com\/blog\/wp-json\/wp\/v2\/comments?post=356"}],"version-history":[{"count":0,"href":"https:\/\/www.girodmedical.com\/blog\/wp-json\/wp\/v2\/posts\/356\/revisions"}],"wp:featuredmedia":[{"embeddable":true,"href":"https:\/\/www.girodmedical.com\/blog\/wp-json\/wp\/v2\/media\/4606"}],"wp:attachment":[{"href":"https:\/\/www.girodmedical.com\/blog\/wp-json\/wp\/v2\/media?parent=356"}],"wp:term":[{"taxonomy":"category","embeddable":true,"href":"https:\/\/www.girodmedical.com\/blog\/wp-json\/wp\/v2\/categories?post=356"},{"taxonomy":"post_tag","embeddable":true,"href":"https:\/\/www.girodmedical.com\/blog\/wp-json\/wp\/v2\/tags?post=356"}],"curies":[{"name":"wp","href":"https:\/\/api.w.org\/{rel}","templated":true}]}}