{"id":3260,"date":"2023-12-27T13:15:42","date_gmt":"2023-12-27T12:15:42","guid":{"rendered":"https:\/\/www.girodmedical.com\/blog\/?p=3260"},"modified":"2023-12-28T12:05:11","modified_gmt":"2023-12-28T11:05:11","slug":"gamme-sacs-infirmiers-de-boissy","status":"publish","type":"post","link":"https:\/\/www.girodmedical.com\/blog\/gamme-sacs-infirmiers-de-boissy\/","title":{"rendered":"Les nouvelles mallettes m\u00e9decins et sacs infirmiers De Boissy"},"content":{"rendered":"\n<p>La praticit\u00e9 et l&rsquo;efficacit\u00e9 du mat\u00e9riel m\u00e9dical jouent un r\u00f4le essentiel dans la vie des professionnels de la sant\u00e9. Pour r\u00e9pondre aux besoins sp\u00e9cifiques des m\u00e9decins et infirmiers, <a href=\"https:\/\/www.girodmedical.com\/fabricants\/de-boissy\" target=\"_blank\" rel=\"noreferrer noopener\">De Boissy<\/a> pr\u00e9sente une nouvelle gamme de <strong>sacs m\u00e9dicaux et mallettes<\/strong> qui se d\u00e9marquent par leur diversit\u00e9 et leur fonctionnalit\u00e9. <\/p>\n\n\n\n<p>Ces produits offrent trois formats distincts, chacun con\u00e7u pour des usages sp\u00e9cifiques, tout en alliant praticit\u00e9 et esth\u00e9tisme. De la pochette personnalisable aux tissus \u00e9coresponsables, cette gamme propose des solutions adapt\u00e9es aux diverses pr\u00e9f\u00e9rences et besoins des professionnels de la sant\u00e9.<\/p>\n\n\n\n<h2 class=\"wp-block-heading\"><strong>3 formats de sacs m\u00e9dicaux pour 3 usages distincts<\/strong><\/h2>\n\n\n\n<p>La nouvelle gamme de <strong>sacs et mallettes m\u00e9dicales De Boissy<\/strong> propose 3 formats&nbsp;: le petit <strong>sac m\u00e9dical<\/strong>, la grande <strong>mallette m\u00e9dicale<\/strong> et le <strong>sac \u00e0 dos m\u00e9dical<\/strong>.<\/p>\n\n\n\n<figure class=\"wp-block-image size-full is-resized\"><img decoding=\"async\" src=\"https:\/\/www.girodmedical.com\/blog\/.\/wp-content\/uploads\/2023\/08\/image-1.png\" alt=\"\" class=\"wp-image-3262\" style=\"width:139px;height:113px\" width=\"139\" height=\"113\"\/><\/figure>\n\n\n\n<p>Le petit <strong>sac m\u00e9dical<\/strong>, avec ses mensurations de 32x28x20cm d\u00e9livre un volume de 15L. Sa construction ing\u00e9nieuse et ses multiples poches vous permettent de ranger tous vos <strong>dispositifs m\u00e9dicaux<\/strong>, <strong>pansements<\/strong>, et <strong>instrumentation m\u00e9dicale<\/strong>.<\/p>\n\n\n\n<figure class=\"wp-block-image size-full\"><img decoding=\"async\" width=\"143\" height=\"117\" src=\"https:\/\/www.girodmedical.com\/blog\/.\/wp-content\/uploads\/2023\/08\/image-2.png\" alt=\"\" class=\"wp-image-3263\"\/><\/figure>\n\n\n\n<p>Le <strong>grand sac m\u00e9dical<\/strong> d\u00e9livre quant \u00e0 lui un volume de 20L gr\u00e2ce \u00e0 ses mensurations de 40x35x24cm. Avec son format plus g\u00e9n\u00e9reux, il permet d\u2019emporter l\u2019enti\u00e8ret\u00e9 de votre mat\u00e9riel m\u00e9dical<strong> <\/strong>et m\u00eame vos ordonnances au format A4.<\/p>\n\n\n\n<figure class=\"wp-block-image size-full\"><img decoding=\"async\" width=\"190\" height=\"155\" src=\"https:\/\/www.girodmedical.com\/blog\/.\/wp-content\/uploads\/2023\/08\/image-3.png\" alt=\"\" class=\"wp-image-3264\"\/><\/figure>\n\n\n\n<p>Le <strong>sac \u00e0 dos m\u00e9dical<\/strong> est convertible et extensible. D\u2019une contenance de 19L \u00e0 25L, il propose des mensurations de 30x45x15\/19cm. Tr\u00e8s pratique, il se porte \u00e0 la poign\u00e9e, en bandouli\u00e8re ou en sac \u00e0 dos.<\/p>\n\n\n\n<figure class=\"wp-block-embed is-type-video is-provider-youtube wp-block-embed-youtube wp-embed-aspect-16-9 wp-has-aspect-ratio\"><div class=\"wp-block-embed__wrapper\">\n<iframe title=\"D\u00e9couvrez toute la gamme de sac m\u00e9dicaux De Boissy\" width=\"604\" height=\"340\" src=\"https:\/\/www.youtube.com\/embed\/Bwqf5zwKgp0?feature=oembed\" frameborder=\"0\" allow=\"accelerometer; autoplay; clipboard-write; encrypted-media; gyroscope; picture-in-picture; web-share\" allowfullscreen><\/iframe>\n<\/div><\/figure>\n\n\n\n<h2 class=\"wp-block-heading\"><strong>3 styles de sacs m\u00e9dicaux diff\u00e9rents<\/strong><\/h2>\n\n\n\n<p>Les <strong>mallettes m\u00e9dicales<\/strong> sont d\u00e9clin\u00e9es en 3 gammes&nbsp;: Eiffel, Etretat et Madrague.<\/p>\n\n\n\n<p>La gamme Eiffel propose des <strong>sacoches m\u00e9dicales<\/strong> simples et abordables. Leur look sobre et \u00e9l\u00e9gant vous accompagnera partout, dans tous vos d\u00e9placements professionnels. Adapt\u00e9 \u00e0 la fois aux <strong>infirmi\u00e8res lib\u00e9rales<\/strong>, aux <strong>m\u00e9decins<\/strong>, et \u00e0 tous les <strong>professionnels de sant\u00e9<\/strong>.<\/p>\n\n\n\n<p>La gamme Etretat d\u00e9livre des <strong>sacs infirmiers<\/strong> ou <strong>m\u00e9decins<\/strong> modernes, mais avec une touche vintage. Les tissus \u00e9coresponsables associ\u00e9s \u00e0 des cuirs v\u00e9g\u00e9taux conf\u00e8rent \u00e0 la gamme Etretat un look unique.<\/p>\n\n\n\n<p>La gamme Madrague, inspir\u00e9e des lauriers roses-rouges de M\u00e9diterran\u00e9e, offre 3 <strong>sacs infirmi\u00e8res<\/strong> <strong>lib\u00e9rales<\/strong> color\u00e9s et \u00e9galement \u00e9coresponsables.<\/p>\n\n\n\n<figure class=\"wp-block-image size-full is-resized\"><a href=\"https:\/\/www.girodmedical.com\/fabricants\/de-boissy\" target=\"_blank\" rel=\"noreferrer noopener\"><img loading=\"lazy\" decoding=\"async\" src=\"https:\/\/www.girodmedical.com\/blog\/.\/wp-content\/uploads\/2023\/08\/image-4.png\" alt=\"\" class=\"wp-image-3265\" style=\"width:841px;height:215px\" width=\"841\" height=\"215\" srcset=\"https:\/\/www.girodmedical.com\/blog\/.\/wp-content\/uploads\/2023\/08\/image-4.png 945w, https:\/\/www.girodmedical.com\/blog\/.\/wp-content\/uploads\/2023\/08\/image-4-300x77.png 300w\" sizes=\"(max-width: 841px) 100vw, 841px\" \/><\/a><\/figure>\n\n\n\n<figure class=\"wp-block-embed is-type-video is-provider-youtube wp-block-embed-youtube wp-embed-aspect-16-9 wp-has-aspect-ratio\"><div class=\"wp-block-embed__wrapper\">\n<iframe title=\"D\u00e9couvrez la gamme de Sac M\u00e9dical Eiffel De Boissy\" width=\"604\" height=\"340\" src=\"https:\/\/www.youtube.com\/embed\/bvc9Aot4eTY?feature=oembed\" frameborder=\"0\" allow=\"accelerometer; autoplay; clipboard-write; encrypted-media; gyroscope; picture-in-picture; web-share\" allowfullscreen><\/iframe>\n<\/div><\/figure>\n\n\n\n<h2 class=\"wp-block-heading\"><strong>Des pochettes personnalis\u00e9es pour un sac \u00e0 votre image<\/strong><\/h2>\n\n\n\n<p>Les sacs de la gamme Etretat et Madrague permettent d\u2019y adapter une <strong><a href=\"https:\/\/www.girodmedical.com\/pochette-amovible-pour-personnalisation-sac-de-boissy-etretat-ou-madrague.html\">pochette personnalisable<\/a><\/strong>. Le syst\u00e8me de fixation MOLLE assure une parfaite s\u00e9curisation de vos <strong>instruments m\u00e9dicaux<\/strong> et de vos affaires personnelles.<\/p>\n\n\n\n<figure class=\"wp-block-image size-full\"><a href=\"https:\/\/www.girodmedical.com\/pochette-amovible-pour-personnalisation-sac-de-boissy-etretat-ou-madrague.html\"><img loading=\"lazy\" decoding=\"async\" width=\"302\" height=\"164\" src=\"https:\/\/www.girodmedical.com\/blog\/.\/wp-content\/uploads\/2023\/08\/image-5.png\" alt=\"\" class=\"wp-image-3266\" srcset=\"https:\/\/www.girodmedical.com\/blog\/.\/wp-content\/uploads\/2023\/08\/image-5.png 302w, https:\/\/www.girodmedical.com\/blog\/.\/wp-content\/uploads\/2023\/08\/image-5-300x163.png 300w\" sizes=\"(max-width: 302px) 100vw, 302px\" \/><\/a><\/figure>\n\n\n\n<figure class=\"wp-block-image size-full is-resized\"><img loading=\"lazy\" decoding=\"async\" src=\"https:\/\/www.girodmedical.com\/blog\/.\/wp-content\/uploads\/2023\/08\/image-6.png\" alt=\"\" class=\"wp-image-3267\" style=\"width:358px;height:240px\" width=\"358\" height=\"240\" srcset=\"https:\/\/www.girodmedical.com\/blog\/.\/wp-content\/uploads\/2023\/08\/image-6.png 372w, https:\/\/www.girodmedical.com\/blog\/.\/wp-content\/uploads\/2023\/08\/image-6-300x201.png 300w\" sizes=\"(max-width: 358px) 100vw, 358px\" \/><\/figure>\n\n\n\n<figure class=\"wp-block-image size-full\"><a href=\"https:\/\/www.girodmedical.com\/pochette-amovible-pour-personnalisation-sac-de-boissy-etretat-ou-madrague.html\"><img loading=\"lazy\" decoding=\"async\" width=\"490\" height=\"280\" src=\"https:\/\/www.girodmedical.com\/blog\/.\/wp-content\/uploads\/2023\/08\/image-7.png\" alt=\"\" class=\"wp-image-3268\" srcset=\"https:\/\/www.girodmedical.com\/blog\/.\/wp-content\/uploads\/2023\/08\/image-7.png 490w, https:\/\/www.girodmedical.com\/blog\/.\/wp-content\/uploads\/2023\/08\/image-7-300x171.png 300w\" sizes=\"(max-width: 490px) 100vw, 490px\" \/><\/a><\/figure>\n\n\n\n<p>La gamme de <strong>sacs m\u00e9dicaux et mallettes De Boissy<\/strong> s&rsquo;impose comme une r\u00e9ponse ing\u00e9nieuse aux besoins vari\u00e9s des professionnels de la sant\u00e9. En offrant trois formats adapt\u00e9s \u00e0 diff\u00e9rents usages, des styles vari\u00e9s pour refl\u00e9ter la personnalit\u00e9 de chaque utilisateur et la possibilit\u00e9 d&rsquo;ajouter des pochettes personnalis\u00e9es, ces produits allient fonctionnalit\u00e9 et esth\u00e9tisme. Avec cette gamme, <strong>De Boissy<\/strong> r\u00e9ussit \u00e0 marier l&rsquo;efficacit\u00e9 de l&rsquo;\u00e9quipement m\u00e9dical avec le souci du design et de la personnalisation, ce qui en fait un choix judicieux pour les m\u00e9decins et infirmiers soucieux de leur pratique et de leur image professionnelle.<\/p>\n","protected":false},"excerpt":{"rendered":"<p>La praticit\u00e9 et l&rsquo;efficacit\u00e9 du mat\u00e9riel m\u00e9dical jouent un r\u00f4le essentiel dans la vie des professionnels de la sant\u00e9. Pour r\u00e9pondre aux besoins sp\u00e9cifiques des m\u00e9decins et infirmiers, De Boissy pr\u00e9sente une nouvelle gamme de sacs m\u00e9dicaux et mallettes qui se d\u00e9marquent par leur diversit\u00e9 et leur fonctionnalit\u00e9. Ces produits offrent trois formats distincts, chacun &hellip; <a href=\"https:\/\/www.girodmedical.com\/blog\/gamme-sacs-infirmiers-de-boissy\/\" class=\"more-link\">Lire l&rsquo;article <span class=\"screen-reader-text\">Les nouvelles mallettes m\u00e9decins et sacs infirmiers De Boissy<\/span> <span class=\"meta-nav\">&rarr;<\/span><\/a><\/p>\n","protected":false},"author":1,"featured_media":3269,"comment_status":"open","ping_status":"open","sticky":false,"template":"","format":"standard","meta":{"footnotes":""},"categories":[4],"tags":[],"yoast_head":"<!-- This site is optimized with the Yoast SEO plugin v20.13 - https:\/\/yoast.com\/wordpress\/plugins\/seo\/ -->\n<title>Les nouvelles mallettes m\u00e9decins et sacs infirmiers De Boissy - Girodmedical Blog : Le blog du mat\u00e9riel m\u00e9dical<\/title>\n<meta name=\"description\" content=\"D\u00e9couvrez la nouvelle gamme de mallettes m\u00e9decins et sacs infirmiers De Boissy sur le blog de Girodmedical\" \/>\n<meta name=\"robots\" content=\"index, follow, max-snippet:-1, max-image-preview:large, max-video-preview:-1\" \/>\n<link rel=\"canonical\" href=\"https:\/\/www.girodmedical.com\/blog\/gamme-sacs-infirmiers-de-boissy\/\" \/>\n<meta property=\"og:locale\" content=\"fr_FR\" \/>\n<meta property=\"og:type\" content=\"article\" \/>\n<meta property=\"og:title\" content=\"Les nouvelles mallettes m\u00e9decins et sacs infirmiers De Boissy - Girodmedical Blog : Le blog du mat\u00e9riel m\u00e9dical\" \/>\n<meta property=\"og:description\" content=\"D\u00e9couvrez la nouvelle gamme de mallettes m\u00e9decins et sacs infirmiers De Boissy sur le blog de Girodmedical\" \/>\n<meta property=\"og:url\" content=\"https:\/\/www.girodmedical.com\/blog\/gamme-sacs-infirmiers-de-boissy\/\" \/>\n<meta property=\"og:site_name\" content=\"Girodmedical Blog : Le blog du mat\u00e9riel m\u00e9dical\" \/>\n<meta property=\"article:author\" content=\"https:\/\/www.facebook.com\/admielab\" \/>\n<meta property=\"article:published_time\" content=\"2023-12-27T12:15:42+00:00\" \/>\n<meta property=\"article:modified_time\" content=\"2023-12-28T11:05:11+00:00\" \/>\n<meta property=\"og:image\" content=\"https:\/\/www.girodmedical.com\/blog\/.\/wp-content\/uploads\/2023\/08\/gamme-deboissy.jpg\" \/>\n\t<meta property=\"og:image:width\" content=\"1237\" \/>\n\t<meta property=\"og:image:height\" content=\"557\" \/>\n\t<meta property=\"og:image:type\" content=\"image\/jpeg\" \/>\n<meta name=\"author\" content=\"Audrey de Girodmedical\" \/>\n<meta name=\"twitter:label1\" content=\"\u00c9crit par\" \/>\n\t<meta name=\"twitter:data1\" content=\"Audrey de Girodmedical\" \/>\n\t<meta name=\"twitter:label2\" content=\"Dur\u00e9e de lecture estim\u00e9e\" \/>\n\t<meta name=\"twitter:data2\" content=\"4 minutes\" \/>\n<script type=\"application\/ld+json\" class=\"yoast-schema-graph\">{\"@context\":\"https:\/\/schema.org\",\"@graph\":[{\"@type\":\"WebPage\",\"@id\":\"https:\/\/www.girodmedical.com\/blog\/gamme-sacs-infirmiers-de-boissy\/\",\"url\":\"https:\/\/www.girodmedical.com\/blog\/gamme-sacs-infirmiers-de-boissy\/\",\"name\":\"Les nouvelles mallettes m\u00e9decins et sacs infirmiers De Boissy - Girodmedical Blog : Le blog du mat\u00e9riel m\u00e9dical\",\"isPartOf\":{\"@id\":\"https:\/\/www.girodmedical.com\/blog\/#website\"},\"datePublished\":\"2023-12-27T12:15:42+00:00\",\"dateModified\":\"2023-12-28T11:05:11+00:00\",\"author\":{\"@id\":\"https:\/\/www.girodmedical.com\/blog\/#\/schema\/person\/45d388c2ba0e4feaabd1446960ef30d0\"},\"description\":\"D\u00e9couvrez la nouvelle gamme de mallettes m\u00e9decins et sacs infirmiers De Boissy sur le blog de Girodmedical\",\"breadcrumb\":{\"@id\":\"https:\/\/www.girodmedical.com\/blog\/gamme-sacs-infirmiers-de-boissy\/#breadcrumb\"},\"inLanguage\":\"fr-FR\",\"potentialAction\":[{\"@type\":\"ReadAction\",\"target\":[\"https:\/\/www.girodmedical.com\/blog\/gamme-sacs-infirmiers-de-boissy\/\"]}]},{\"@type\":\"BreadcrumbList\",\"@id\":\"https:\/\/www.girodmedical.com\/blog\/gamme-sacs-infirmiers-de-boissy\/#breadcrumb\",\"itemListElement\":[{\"@type\":\"ListItem\",\"position\":1,\"name\":\"Accueil\",\"item\":\"https:\/\/www.girodmedical.com\/blog\/\"},{\"@type\":\"ListItem\",\"position\":2,\"name\":\"Les nouvelles mallettes m\u00e9decins et sacs infirmiers De Boissy\"}]},{\"@type\":\"WebSite\",\"@id\":\"https:\/\/www.girodmedical.com\/blog\/#website\",\"url\":\"https:\/\/www.girodmedical.com\/blog\/\",\"name\":\"Girodmedical Blog : Le blog du mat\u00e9riel m\u00e9dical\",\"description\":\"\",\"potentialAction\":[{\"@type\":\"SearchAction\",\"target\":{\"@type\":\"EntryPoint\",\"urlTemplate\":\"https:\/\/www.girodmedical.com\/blog\/?s={search_term_string}\"},\"query-input\":\"required name=search_term_string\"}],\"inLanguage\":\"fr-FR\"},{\"@type\":\"Person\",\"@id\":\"https:\/\/www.girodmedical.com\/blog\/#\/schema\/person\/45d388c2ba0e4feaabd1446960ef30d0\",\"name\":\"Audrey de Girodmedical\",\"image\":{\"@type\":\"ImageObject\",\"inLanguage\":\"fr-FR\",\"@id\":\"https:\/\/www.girodmedical.com\/blog\/#\/schema\/person\/image\/\",\"url\":\"https:\/\/secure.gravatar.com\/avatar\/6a25d3946b25d84cc71fcd4c333e4416?s=96&d=mm&r=g\",\"contentUrl\":\"https:\/\/secure.gravatar.com\/avatar\/6a25d3946b25d84cc71fcd4c333e4416?s=96&d=mm&r=g\",\"caption\":\"Audrey de Girodmedical\"},\"description\":\"Audrey de Girodmedical suit l\u2019actualit\u00e9 du secteur de la sant\u00e9 afin de vous fournir des informations sur les derni\u00e8res tendances et pratiques. Son r\u00f4le de conseill\u00e8re client\u00e8le lui permet de comprendre vos attentes afin de vous aider dans le choix de votre mat\u00e9riel m\u00e9dical. Retrouvez tous ses conseils \u00e0 travers les articles qu\u2019elle publie sur ce blog, r\u00e9dig\u00e9s gr\u00e2ce \u00e0 l'aide des avis et des retours d'exp\u00e9riences de nos clients professionnels de sant\u00e9.\",\"sameAs\":[\"https:\/\/www.girodmedical.com\/\",\"https:\/\/www.facebook.com\/admielab\",\"https:\/\/twitter.com\/Girodmedical\"],\"url\":\"https:\/\/www.girodmedical.com\/blog\/author\/admin\/\"}]}<\/script>\n<!-- \/ Yoast SEO plugin. -->","yoast_head_json":{"title":"Les nouvelles mallettes m\u00e9decins et sacs infirmiers De Boissy - Girodmedical Blog : Le blog du mat\u00e9riel m\u00e9dical","description":"D\u00e9couvrez la nouvelle gamme de mallettes m\u00e9decins et sacs infirmiers De Boissy sur le blog de Girodmedical","robots":{"index":"index","follow":"follow","max-snippet":"max-snippet:-1","max-image-preview":"max-image-preview:large","max-video-preview":"max-video-preview:-1"},"canonical":"https:\/\/www.girodmedical.com\/blog\/gamme-sacs-infirmiers-de-boissy\/","og_locale":"fr_FR","og_type":"article","og_title":"Les nouvelles mallettes m\u00e9decins et sacs infirmiers De Boissy - Girodmedical Blog : Le blog du mat\u00e9riel m\u00e9dical","og_description":"D\u00e9couvrez la nouvelle gamme de mallettes m\u00e9decins et sacs infirmiers De Boissy sur le blog de Girodmedical","og_url":"https:\/\/www.girodmedical.com\/blog\/gamme-sacs-infirmiers-de-boissy\/","og_site_name":"Girodmedical Blog : Le blog du mat\u00e9riel m\u00e9dical","article_author":"https:\/\/www.facebook.com\/admielab","article_published_time":"2023-12-27T12:15:42+00:00","article_modified_time":"2023-12-28T11:05:11+00:00","og_image":[{"width":1237,"height":557,"url":"https:\/\/www.girodmedical.com\/blog\/.\/wp-content\/uploads\/2023\/08\/gamme-deboissy.jpg","type":"image\/jpeg"}],"author":"Audrey de Girodmedical","twitter_misc":{"\u00c9crit par":"Audrey de Girodmedical","Dur\u00e9e de lecture estim\u00e9e":"4 minutes"},"schema":{"@context":"https:\/\/schema.org","@graph":[{"@type":"WebPage","@id":"https:\/\/www.girodmedical.com\/blog\/gamme-sacs-infirmiers-de-boissy\/","url":"https:\/\/www.girodmedical.com\/blog\/gamme-sacs-infirmiers-de-boissy\/","name":"Les nouvelles mallettes m\u00e9decins et sacs infirmiers De Boissy - Girodmedical Blog : Le blog du mat\u00e9riel m\u00e9dical","isPartOf":{"@id":"https:\/\/www.girodmedical.com\/blog\/#website"},"datePublished":"2023-12-27T12:15:42+00:00","dateModified":"2023-12-28T11:05:11+00:00","author":{"@id":"https:\/\/www.girodmedical.com\/blog\/#\/schema\/person\/45d388c2ba0e4feaabd1446960ef30d0"},"description":"D\u00e9couvrez la nouvelle gamme de mallettes m\u00e9decins et sacs infirmiers De Boissy sur le blog de Girodmedical","breadcrumb":{"@id":"https:\/\/www.girodmedical.com\/blog\/gamme-sacs-infirmiers-de-boissy\/#breadcrumb"},"inLanguage":"fr-FR","potentialAction":[{"@type":"ReadAction","target":["https:\/\/www.girodmedical.com\/blog\/gamme-sacs-infirmiers-de-boissy\/"]}]},{"@type":"BreadcrumbList","@id":"https:\/\/www.girodmedical.com\/blog\/gamme-sacs-infirmiers-de-boissy\/#breadcrumb","itemListElement":[{"@type":"ListItem","position":1,"name":"Accueil","item":"https:\/\/www.girodmedical.com\/blog\/"},{"@type":"ListItem","position":2,"name":"Les nouvelles mallettes m\u00e9decins et sacs infirmiers De Boissy"}]},{"@type":"WebSite","@id":"https:\/\/www.girodmedical.com\/blog\/#website","url":"https:\/\/www.girodmedical.com\/blog\/","name":"Girodmedical Blog : Le blog du mat\u00e9riel m\u00e9dical","description":"","potentialAction":[{"@type":"SearchAction","target":{"@type":"EntryPoint","urlTemplate":"https:\/\/www.girodmedical.com\/blog\/?s={search_term_string}"},"query-input":"required name=search_term_string"}],"inLanguage":"fr-FR"},{"@type":"Person","@id":"https:\/\/www.girodmedical.com\/blog\/#\/schema\/person\/45d388c2ba0e4feaabd1446960ef30d0","name":"Audrey de Girodmedical","image":{"@type":"ImageObject","inLanguage":"fr-FR","@id":"https:\/\/www.girodmedical.com\/blog\/#\/schema\/person\/image\/","url":"https:\/\/secure.gravatar.com\/avatar\/6a25d3946b25d84cc71fcd4c333e4416?s=96&d=mm&r=g","contentUrl":"https:\/\/secure.gravatar.com\/avatar\/6a25d3946b25d84cc71fcd4c333e4416?s=96&d=mm&r=g","caption":"Audrey de Girodmedical"},"description":"Audrey de Girodmedical suit l\u2019actualit\u00e9 du secteur de la sant\u00e9 afin de vous fournir des informations sur les derni\u00e8res tendances et pratiques. Son r\u00f4le de conseill\u00e8re client\u00e8le lui permet de comprendre vos attentes afin de vous aider dans le choix de votre mat\u00e9riel m\u00e9dical. Retrouvez tous ses conseils \u00e0 travers les articles qu\u2019elle publie sur ce blog, r\u00e9dig\u00e9s gr\u00e2ce \u00e0 l'aide des avis et des retours d'exp\u00e9riences de nos clients professionnels de sant\u00e9.","sameAs":["https:\/\/www.girodmedical.com\/","https:\/\/www.facebook.com\/admielab","https:\/\/twitter.com\/Girodmedical"],"url":"https:\/\/www.girodmedical.com\/blog\/author\/admin\/"}]}},"_links":{"self":[{"href":"https:\/\/www.girodmedical.com\/blog\/wp-json\/wp\/v2\/posts\/3260"}],"collection":[{"href":"https:\/\/www.girodmedical.com\/blog\/wp-json\/wp\/v2\/posts"}],"about":[{"href":"https:\/\/www.girodmedical.com\/blog\/wp-json\/wp\/v2\/types\/post"}],"author":[{"embeddable":true,"href":"https:\/\/www.girodmedical.com\/blog\/wp-json\/wp\/v2\/users\/1"}],"replies":[{"embeddable":true,"href":"https:\/\/www.girodmedical.com\/blog\/wp-json\/wp\/v2\/comments?post=3260"}],"version-history":[{"count":0,"href":"https:\/\/www.girodmedical.com\/blog\/wp-json\/wp\/v2\/posts\/3260\/revisions"}],"wp:featuredmedia":[{"embeddable":true,"href":"https:\/\/www.girodmedical.com\/blog\/wp-json\/wp\/v2\/media\/3269"}],"wp:attachment":[{"href":"https:\/\/www.girodmedical.com\/blog\/wp-json\/wp\/v2\/media?parent=3260"}],"wp:term":[{"taxonomy":"category","embeddable":true,"href":"https:\/\/www.girodmedical.com\/blog\/wp-json\/wp\/v2\/categories?post=3260"},{"taxonomy":"post_tag","embeddable":true,"href":"https:\/\/www.girodmedical.com\/blog\/wp-json\/wp\/v2\/tags?post=3260"}],"curies":[{"name":"wp","href":"https:\/\/api.w.org\/{rel}","templated":true}]}}